{"id":3764,"date":"2016-01-22T09:20:25","date_gmt":"2016-01-22T09:20:25","guid":{"rendered":"http:\/\/www.harpblog.info\/?p=3764"},"modified":"2017-06-15T08:28:40","modified_gmt":"2017-06-15T08:28:40","slug":"conversation-avec-marie-claire-jamet","status":"publish","type":"post","link":"https:\/\/www.camac-harps.com\/blog\/fr\/non-classifiee\/conversation-avec-marie-claire-jamet\/","title":{"rendered":"Entretien avec Marie-Claire Jamet"},"content":{"rendered":"<p><b><a href=\"https:\/\/www.camac-harps.com\/wp-content\/uploads\/sites\/27\/2016\/02\/marie-claire-jamet.jpg\" rel=\"attachment wp-att-3806\"><img loading=\"lazy\" decoding=\"async\" class=\"alignright size-full wp-image-3806\" src=\"https:\/\/www.camac-harps.com\/wp-content\/uploads\/sites\/27\/2016\/02\/marie-claire-jamet.jpg\" alt=\"Marie-Claire Jamet\" width=\"202\" height=\"269\" srcset=\"https:\/\/www.camac-harps.com\/blog\/wp-content\/uploads\/sites\/27\/2016\/02\/marie-claire-jamet.jpg 202w, https:\/\/www.camac-harps.com\/blog\/wp-content\/uploads\/sites\/27\/2016\/02\/marie-claire-jamet-55x73.jpg 55w\" sizes=\"auto, (max-width: 202px) 100vw, 202px\" \/><\/a><\/b>Marie-Claire n&rsquo;est pas seulement une artiste exceptionnelle, elle fait aussi partie d&rsquo;une des plus grandes lign\u00e9es\u00a0de l&rsquo;histoire de la harpe. Son p\u00e8re, Pierre Jamet (1893-1991) commen\u00e7a ses \u00e9tudes par la harpe chromatique d\u00e9velopp\u00e9e par Pleyel et Wolff \u00e0 Paris \u00e0 la fin du dix-neuvi\u00e8me si\u00e8cle. Pleyel commanda les Danses de Debussy afin de mettre cet\u00a0instrument en lumi\u00e8re et de susciter\u00a0suffisamment d&rsquo;int\u00e9r\u00eat\u00a0pour faire ouvrir une classe de harpe chromatique au Conservatoire de Paris. Pleyel recherchait aussi de jeunes musiciens pour promouvoir son instrument et a pris en charge pendant quelques temps les frais d&rsquo;inscription de Pierre Jamet, ainsi que l&rsquo;achat de ses livres et partitions. Cependant, en 1905,\u00a0Alphonse Hasselmans a entendu Pierre Jamet jouer lors\u00a0des examens du Conservatoire de Paris. Impressionn\u00e9, il l&rsquo;a pouss\u00e9 \u00e0 abandonner la harpe chromatique, dont il sentait qu&rsquo;elle serait bient\u00f4t obsol\u00e8te. Pierre Jamet rejoignit alors\u00a0la classe de harpe double-mouvement (Erard) de Hasselmans. Cette classe a d&rsquo;ailleurs form\u00e9\u00a0un nombre impressionnant de futurs grands ma\u00eetres, notamment Henriette Reni\u00e9, Marcel Grandjany, Carlos Salzedo, Marcel Tournier, Lily Laskine et Pierre Jamet lui-m\u00eame. D&rsquo;ailleurs, en plus d&rsquo;\u00eatre la fille de Pierre Jamet, Marie-Claire fut \u00e9galement la derni\u00e8re \u00e9l\u00e8ve de Marcel Tournier.<\/p>\n<p>Comme ces illustres \u00e9l\u00e8ves de Hasselmans furent des professeurs\u00a0impliqu\u00e9s\u00a0et \u00e9nergiques, ils ont \u00e9t\u00e9\u00a0\u00e0 l&rsquo;origine non seulement\u00a0du d\u00e9veloppement exceptionnel de la harpe au vingti\u00e8me si\u00e8cle en France, mais \u00e9galement de sa large diffusion internationale. Pierre Jamet, par exemple, a fond\u00e9 la mondialement c\u00e9l\u00e8bre acad\u00e9mie d&rsquo;\u00e9t\u00e9 de Gargilesse, qui porte d\u00e9sormais le nom de \u00ab\u00a0Acad\u00e9mie Internationale de Harpe Pierre Jamet\u00a0\u00bb. Il a cr\u00e9\u00e9 l&rsquo;Association Fran\u00e7aise de la Harpe, et en 1959, au cours du Premier Concours d&rsquo;Isra\u00ebl, il a fait un discours incitant\u00a0les harpistes \u00e0 former une soci\u00e9t\u00e9 internationale. Cette \u00e9tincelle a d\u00e9clench\u00e9 la cr\u00e9ation des \u00ab Dutch Harps Weeks\u00a0\u00bb sous l&rsquo;impulsion de Phia Berghout, de l&rsquo; \u00ab\u00a0American Harp Society\u00a0\u00bb, et, par la suite, du \u00ab\u00a0Congr\u00e8s Mondial de la Harpe\u00a0\u00bb.<\/p>\n<p>La \u00ab\u00a0g\u00e9n\u00e9ration Hasselmans\u00a0\u00bb de harpistes fran\u00e7ais a profond\u00e9ment influenc\u00e9 notre fa\u00e7on actuelle de jouer de la harpe \u00e0 p\u00e9dales. \u00ab Je pense que le fait que mon p\u00e8re \u00e9tait \u00e0 la fois p\u00e9dagogue, chambriste, et musicien \u00e0 l&rsquo;Op\u00e9ra de Paris, lui a donn\u00e9 un esprit bien plus ouvert que s&rsquo;il n&rsquo;avait \u00e9t\u00e9 que soliste\u00a0\u00bb, explique\u00a0Marie-Claire. \u00ab\u00a0Tous ses \u00e9l\u00e8ves ont suivi des carri\u00e8res semblables \u00e0 la sienne, moi y compris\u00a0!\u00a0\u00bb. Au cours de sa carri\u00e8re, Marie-Claire a, entre autres, \u00e9t\u00e9 Harpiste Principale de l&rsquo;Orchestre de Radio France, membre de l&rsquo;Ensemble Intercontemporain de Pierre Boulez pendant 15 ans, professeur aux Conservatoires Sup\u00e9rieurs de Musique de Lyon et de Paris, et elle a donn\u00e9 plus de deux mille concerts \u00e0 travers le monde. Elle continue consciencieusement \u00e0 transmettre l&rsquo;h\u00e9ritage de son p\u00e8re, non seulement au travers de\u00a0son parcours professionnel, mais \u00e9galement dans les d\u00e9tails musicaux qu&rsquo;elle transmet. \u00ab\u00a0Mon p\u00e8re avait \u00e9norm\u00e9ment d&rsquo;informations concernant les \u0153uvres ma\u00eetresses de notre r\u00e9pertoire, informations qu&rsquo;il tenait des compositeurs eux-m\u00eames\u00a0\u00bb, explique-t-elle. \u00ab\u00a0Il est important qu&rsquo;elles ne\u00a0tombent pas dans l&rsquo;oubli. Par exemple il est imprim\u00e9 <em>tempo di minuetto,<\/em> mais Debussy voulait un menuet grave et lent. Ce sont les paroles qu&rsquo;il a dites \u00e0 mon p\u00e8re et qui ne sont pas indiqu\u00e9es dans l&rsquo;\u00e9dition. Cela change tout une fois que vous le savez. \u00bb. Ou bien, dans le final de cette m\u00eame Sonate, Debussy imaginait au d\u00e9but un homme jouant du tambourin. Mon p\u00e8re a donc invent\u00e9 une technique pour obtenir un effet percussif \u00e0 cet endroit. Et \u00e0 propos de l&rsquo;\u00e9ternel d\u00e9bat concernant la fa\u00e7on de jouer les accords au d\u00e9but des Danses de Debussy, Debussy ne voulait pas que ces accords soient plaqu\u00e9s, ni arp\u00e9g\u00e9s, mais\u00a0quelque chose entre les deux, ce qui peut \u00eatre\u00a0parfois tr\u00e8s difficile \u00e0 saisir. Mon p\u00e8re passait parfois plus d&rsquo;une heure avec ses \u00e9l\u00e8ves avant qu&rsquo;ils ne comprennent\u00a0!<\/p>\n<p>Il est essentiel qu&rsquo;un musicien respecte le texte. C&rsquo;est la base. Si vous ne respectez pas le texte, vous pouvez tout aussi bien n&rsquo;en avoir rien \u00e0 faire. Autant que possible, en tant que musiciens, nous avons le devoir de garder en m\u00e9moire les souhaits\u00a0des compositeurs, et de nous servir de l&rsquo;histoire pour instruire le pr\u00e9sent.<\/p>\n<p>De la m\u00eame fa\u00e7on, respecter le texte ne signifie pas cloner quelque chose. Comme tous les musiciens, je me rappelle parfaitement LE moment de ma carri\u00e8re qui a \u00e9t\u00e9 le plus stressant pour moi. Il ne s&rsquo;agit ni d&rsquo;un concours, ni d&rsquo;une audition. Il s&rsquo;agissait de jouer, en face \u00e0 face, pour Luciano Berio. Cela s&rsquo;est pass\u00e9 pendant que j&rsquo;\u00e9tais \u00e0 L&rsquo;Ensemble Intercontemporain, nous avions la Sequenza au programme et il se trouvait que je n&rsquo;avais jamais jou\u00e9 cette pi\u00e8ce. Au d\u00e9but, Berio insistait pour que Francis Pierre, qui en avait donn\u00e9 la premi\u00e8re mondiale, la joue. Mais Boulez a r\u00e9pondu que ce concert r\u00e9unissait les solistes de son Ensemble, et que Berio devait au moins me donner une chance. \u00ab\u00a0Ok\u00a0\u00bb, a dit Berio, \u00ab\u00a0mais je veux l&rsquo;entendre jouer d&rsquo;abord.\u00a0\u00bb<\/p>\n<p>Je ne pouvais pas faire comme Francis\u00a0Pierre. Mon son est diff\u00e9rent, et mes ongles sont diff\u00e9rents \u2013 il a des ongles tr\u00e8s durs, qu&rsquo;il a utilis\u00e9 pour obtenir un effet particulier pour cette premi\u00e8re. Je savais qu&rsquo;il n&rsquo;y avait pour moi aucun espoir de faire ce qu&rsquo;il avait fait, je n&rsquo;y pouvais rien\u2026 si ce n&rsquo;est pr\u00e9senter ma propre interpr\u00e9tation. Le stress\u00a0! J&rsquo;\u00e9tais absolument terrifi\u00e9e\u00a0!<\/p>\n<p>A la fin, Berio dit \u00ab\u00a0Mais c&rsquo;est tr\u00e8s bien\u00a0!\u00a0\u00bb. \u00ab\u00a0Mais\u00a0\u00bb r\u00e9pondis-je en balbutiant, \u00ab\u00a0Francis Pierre ne l&rsquo;avait pas du tout jou\u00e9 comme \u00e7a\u00a0\u00bb. \u00ab\u00a0Cela ne fait rien\u00a0!\u00a0\u00bb, dit-il. \u00ab\u00a0Son interpr\u00e9tation est formidable, et la v\u00f4tre aussi\u00a0!\u00a0\u00bb. Les interpr\u00e8tes r\u00e9inventent. Vous devez respecter le texte, et y ajouter votre touche personnelle.<\/p>\n<p>C&rsquo;est pareil dans l&rsquo;enseignement. Je ne peux pas dire que j&rsquo;ai une p\u00e9dagogie sp\u00e9cifique, car chaque \u00e9l\u00e8ve\u00a0est diff\u00e9rent. En fait, la formation musicale aujourd&rsquo;hui prend davantage en compte ces diff\u00e9rences. Quand j&rsquo;ai commenc\u00e9, les examens du Conservatoire \u00e9taient globalement plus faciles. On jouait dix minutes et c&rsquo;\u00e9tait tout. Mais, si vous faisiez une seule faute, vous \u00e9tiez rejet\u00e9 imm\u00e9diatement. De nos jours, les \u00e9tudiants doivent pr\u00e9parer un r\u00e9cital d&rsquo;au moins\u00a045 minutes. C&rsquo;est plus exigeant mais cela permet de juger les \u00e9tudiants de fa\u00e7on plus juste. S&rsquo;ils se trompent dans un morceau, ils ont une chance de se rattraper dans les autres pi\u00e8ces. Ils peuvent \u00e9galement choisir la musique qui met en valeur leurs propres points forts. Je pense que ce syst\u00e8me est nettement meilleur.<\/p>\n<p>Quand j&rsquo;ai obtenu mon 1er prix de harpe au C.N.S.M. \u00e0 14 ans je voulais me remettre au piano en vue d&rsquo;entrer dans la classe de Jean Doyen mais il m&rsquo;a fait comprendre que je devais abandonner la harpe pendant plusieurs ann\u00e9es, les harpistes \u00e9tant assez rares \u00e0 cette \u00e9poque mon p\u00e8re m&rsquo;a conseill\u00e9 de garder le piano pour mon plaisir.<\/p>\n<div id=\"attachment_3807\" class=\"wp-caption alignleft\" style=\"width: 300px\"><a href=\"https:\/\/www.camac-harps.com\/wp-content\/uploads\/sites\/27\/2016\/01\/10410611_701577369916121_4093002539891909373_n.jpg\" rel=\"attachment wp-att-3807\"><img loading=\"lazy\" decoding=\"async\" class=\"size-medium wp-image-3807\" src=\"https:\/\/www.camac-harps.com\/wp-content\/uploads\/sites\/27\/2016\/01\/10410611_701577369916121_4093002539891909373_n-300x200.jpg\" alt=\"Marie-Claire Jamet, Sylvain Blassel\" width=\"300\" height=\"200\" srcset=\"https:\/\/www.camac-harps.com\/blog\/wp-content\/uploads\/sites\/27\/2016\/01\/10410611_701577369916121_4093002539891909373_n-300x200.jpg 300w, https:\/\/www.camac-harps.com\/blog\/wp-content\/uploads\/sites\/27\/2016\/01\/10410611_701577369916121_4093002539891909373_n-800x533.jpg 800w, https:\/\/www.camac-harps.com\/blog\/wp-content\/uploads\/sites\/27\/2016\/01\/10410611_701577369916121_4093002539891909373_n-768x511.jpg 768w, https:\/\/www.camac-harps.com\/blog\/wp-content\/uploads\/sites\/27\/2016\/01\/10410611_701577369916121_4093002539891909373_n-55x37.jpg 55w, https:\/\/www.camac-harps.com\/blog\/wp-content\/uploads\/sites\/27\/2016\/01\/10410611_701577369916121_4093002539891909373_n-250x166.jpg 250w, https:\/\/www.camac-harps.com\/blog\/wp-content\/uploads\/sites\/27\/2016\/01\/10410611_701577369916121_4093002539891909373_n.jpg 960w\" sizes=\"auto, (max-width: 300px) 100vw, 300px\" \/><\/a><p class=\"wp-caption-text\">Marie-Claire Jamet, Sylvain Blassel<\/p><\/div>\n<p>Mais bien s\u00fbr, j&rsquo;ai eu des exp\u00e9riences inoubliables gr\u00e2ce \u00e0 la harpe. Je me rappelle la premi\u00e8re fois que j&rsquo;ai jou\u00e9 au Japon. Mon mari, Christian Lard\u00e9 et moi avions \u00e9t\u00e9 engag\u00e9s pour donner le Concerto pour fl\u00fbte et harpe de Mozart trois fois dans une salle de concert qui pouvait contenir quatre mille personnes. C&rsquo;\u00e9tait plein chaque soir\u00a0! Douze mille personnes sont venues \u00e9couter le Concerto de Mozart\u00a0! A cette \u00e9poque, la harpe \u00e9tait un instrument\u00a0nouveau l\u00e0-bas, et les Japonais voulaient apprendre. J&rsquo;ai trouv\u00e9 cet int\u00e9r\u00eat qu&rsquo;ils avaient pour la harpe tr\u00e8s \u00e9mouvant. Et j&rsquo;ai aussi eu tellement de coll\u00e8gues formidables : mon mari, et les partenaires de mon quintette, d&rsquo;autres encore en musique de chambre, des chefs d&rsquo;orchestre, des compositeurs. Je tiens aussi \u00e0 dire que mon mod\u00e8le fut Pierre Boulez aussi bien comme compositeur, chef d&rsquo;orchestre que p\u00e9dagogue, ce f\u00fbt un grand homme et un grand ami. Tant de beaux moments et de belles personnes. \u00bb<\/p>\n","protected":false},"excerpt":{"rendered":"<p>Marie-Claire n&rsquo;est pas seulement une artiste exceptionnelle, elle fait aussi partie d&rsquo;une des plus grandes lign\u00e9es de l&rsquo;histoire de la harpe.<\/p>\n","protected":false},"author":3,"featured_media":3610,"comment_status":"open","ping_status":"open","sticky":false,"template":"","format":"standard","meta":{"_acf_changed":false,"footnotes":""},"categories":[2],"tags":[],"class_list":["post-3764","post","type-post","status-publish","format-standard","has-post-thumbnail","hentry","category-non-classifiee"],"acf":[],"yoast_head":"<title>Entretien avec Marie-Claire Jamet - Camac Harps<\/title>\n<meta name=\"robots\" content=\"index, follow, max-snippet:-1, max-image-preview:large, max-video-preview:-1\" \/>\n<link rel=\"canonical\" href=\"https:\/\/www.camac-harps.com\/blog\/fr\/non-classifiee\/conversation-avec-marie-claire-jamet\/\" \/>\n<meta property=\"og:locale\" content=\"fr_FR\" \/>\n<meta property=\"og:type\" content=\"article\" \/>\n<meta property=\"og:title\" content=\"Entretien avec Marie-Claire Jamet - Camac Harps\" \/>\n<meta property=\"og:description\" content=\"Marie-Claire n&#039;est pas seulement une artiste exceptionnelle, elle fait aussi partie d&#039;une des plus grandes lign\u00e9es de l&#039;histoire de la harpe.\" \/>\n<meta property=\"og:url\" content=\"https:\/\/www.camac-harps.com\/blog\/fr\/non-classifiee\/conversation-avec-marie-claire-jamet\/\" \/>\n<meta property=\"og:site_name\" content=\"Camac Harps\" \/>\n<meta property=\"article:published_time\" content=\"2016-01-22T09:20:25+00:00\" \/>\n<meta property=\"article:modified_time\" content=\"2017-06-15T08:28:40+00:00\" \/>\n<meta property=\"og:image\" content=\"https:\/\/www.camac-harps.com\/blog\/wp-content\/uploads\/sites\/27\/2016\/01\/marie-claire-jamet.jpg\" \/>\n\t<meta property=\"og:image:width\" content=\"202\" \/>\n\t<meta property=\"og:image:height\" content=\"269\" \/>\n\t<meta property=\"og:image:type\" content=\"image\/jpeg\" \/>\n<meta name=\"author\" content=\"Helen Leitner\" \/>\n<meta name=\"twitter:card\" content=\"summary_large_image\" \/>\n<meta name=\"twitter:label1\" content=\"\u00c9crit par\" \/>\n\t<meta name=\"twitter:data1\" content=\"Helen Leitner\" \/>\n\t<meta name=\"twitter:label2\" content=\"Dur\u00e9e de lecture estim\u00e9e\" \/>\n\t<meta name=\"twitter:data2\" content=\"7 minutes\" \/>\n<script type=\"application\/ld+json\" class=\"yoast-schema-graph\">{\"@context\":\"https:\/\/schema.org\",\"@graph\":[{\"@type\":\"Article\",\"@id\":\"https:\/\/www.camac-harps.com\/blog\/fr\/non-classifiee\/conversation-avec-marie-claire-jamet\/#article\",\"isPartOf\":{\"@id\":\"https:\/\/www.camac-harps.com\/blog\/fr\/non-classifiee\/conversation-avec-marie-claire-jamet\/\"},\"author\":{\"name\":\"Helen Leitner\",\"@id\":\"https:\/\/www.camac-harps.com\/blog\/fr\/#\/schema\/person\/59b9e6843c0338179fb914afaf144d22\"},\"headline\":\"Entretien avec Marie-Claire Jamet\",\"datePublished\":\"2016-01-22T09:20:25+00:00\",\"dateModified\":\"2017-06-15T08:28:40+00:00\",\"mainEntityOfPage\":{\"@id\":\"https:\/\/www.camac-harps.com\/blog\/fr\/non-classifiee\/conversation-avec-marie-claire-jamet\/\"},\"wordCount\":1460,\"commentCount\":0,\"image\":{\"@id\":\"https:\/\/www.camac-harps.com\/blog\/fr\/non-classifiee\/conversation-avec-marie-claire-jamet\/#primaryimage\"},\"thumbnailUrl\":\"https:\/\/www.camac-harps.com\/blog\/wp-content\/uploads\/sites\/27\/2016\/01\/marie-claire-jamet.jpg\",\"articleSection\":[\"Non classifi\u00e9(e)\"],\"inLanguage\":\"fr-FR\",\"potentialAction\":[{\"@type\":\"CommentAction\",\"name\":\"Comment\",\"target\":[\"https:\/\/www.camac-harps.com\/blog\/fr\/non-classifiee\/conversation-avec-marie-claire-jamet\/#respond\"]}]},{\"@type\":\"WebPage\",\"@id\":\"https:\/\/www.camac-harps.com\/blog\/fr\/non-classifiee\/conversation-avec-marie-claire-jamet\/\",\"url\":\"https:\/\/www.camac-harps.com\/blog\/fr\/non-classifiee\/conversation-avec-marie-claire-jamet\/\",\"name\":\"Entretien avec Marie-Claire Jamet - Camac Harps\",\"isPartOf\":{\"@id\":\"https:\/\/www.camac-harps.com\/blog\/fr\/#website\"},\"primaryImageOfPage\":{\"@id\":\"https:\/\/www.camac-harps.com\/blog\/fr\/non-classifiee\/conversation-avec-marie-claire-jamet\/#primaryimage\"},\"image\":{\"@id\":\"https:\/\/www.camac-harps.com\/blog\/fr\/non-classifiee\/conversation-avec-marie-claire-jamet\/#primaryimage\"},\"thumbnailUrl\":\"https:\/\/www.camac-harps.com\/blog\/wp-content\/uploads\/sites\/27\/2016\/01\/marie-claire-jamet.jpg\",\"datePublished\":\"2016-01-22T09:20:25+00:00\",\"dateModified\":\"2017-06-15T08:28:40+00:00\",\"author\":{\"@id\":\"https:\/\/www.camac-harps.com\/blog\/fr\/#\/schema\/person\/59b9e6843c0338179fb914afaf144d22\"},\"breadcrumb\":{\"@id\":\"https:\/\/www.camac-harps.com\/blog\/fr\/non-classifiee\/conversation-avec-marie-claire-jamet\/#breadcrumb\"},\"inLanguage\":\"fr-FR\",\"potentialAction\":[{\"@type\":\"ReadAction\",\"target\":[\"https:\/\/www.camac-harps.com\/blog\/fr\/non-classifiee\/conversation-avec-marie-claire-jamet\/\"]}]},{\"@type\":\"ImageObject\",\"inLanguage\":\"fr-FR\",\"@id\":\"https:\/\/www.camac-harps.com\/blog\/fr\/non-classifiee\/conversation-avec-marie-claire-jamet\/#primaryimage\",\"url\":\"https:\/\/www.camac-harps.com\/blog\/wp-content\/uploads\/sites\/27\/2016\/01\/marie-claire-jamet.jpg\",\"contentUrl\":\"https:\/\/www.camac-harps.com\/blog\/wp-content\/uploads\/sites\/27\/2016\/01\/marie-claire-jamet.jpg\",\"width\":202,\"height\":269,\"caption\":\"Marie-Claire Jamet. Photo: Harcourt\"},{\"@type\":\"BreadcrumbList\",\"@id\":\"https:\/\/www.camac-harps.com\/blog\/fr\/non-classifiee\/conversation-avec-marie-claire-jamet\/#breadcrumb\",\"itemListElement\":[{\"@type\":\"ListItem\",\"position\":1,\"name\":\"Home\",\"item\":\"https:\/\/www.camac-harps.com\/blog\/fr\/\"},{\"@type\":\"ListItem\",\"position\":2,\"name\":\"Entretien avec Marie-Claire Jamet\"}]},{\"@type\":\"WebSite\",\"@id\":\"https:\/\/www.camac-harps.com\/blog\/fr\/#website\",\"url\":\"https:\/\/www.camac-harps.com\/blog\/fr\/\",\"name\":\"Camac Harps\",\"description\":\"\",\"potentialAction\":[{\"@type\":\"SearchAction\",\"target\":{\"@type\":\"EntryPoint\",\"urlTemplate\":\"https:\/\/www.camac-harps.com\/blog\/fr\/?s={search_term_string}\"},\"query-input\":{\"@type\":\"PropertyValueSpecification\",\"valueRequired\":true,\"valueName\":\"search_term_string\"}}],\"inLanguage\":\"fr-FR\"},{\"@type\":\"Person\",\"@id\":\"https:\/\/www.camac-harps.com\/blog\/fr\/#\/schema\/person\/59b9e6843c0338179fb914afaf144d22\",\"name\":\"Helen Leitner\",\"image\":{\"@type\":\"ImageObject\",\"inLanguage\":\"fr-FR\",\"@id\":\"https:\/\/www.camac-harps.com\/blog\/fr\/#\/schema\/person\/image\/\",\"url\":\"https:\/\/secure.gravatar.com\/avatar\/ebbebff931219cff4c2d1e25c3229b2e036693f67bf237fb12f452d7a019a6da?s=96&d=mm&r=g\",\"contentUrl\":\"https:\/\/secure.gravatar.com\/avatar\/ebbebff931219cff4c2d1e25c3229b2e036693f67bf237fb12f452d7a019a6da?s=96&d=mm&r=g\",\"caption\":\"Helen Leitner\"},\"url\":\"https:\/\/www.camac-harps.com\/blog\/fr\/author\/ltnr\/\"}]}<\/script>","yoast_head_json":{"title":"Entretien avec Marie-Claire Jamet - Camac Harps","robots":{"index":"index","follow":"follow","max-snippet":"max-snippet:-1","max-image-preview":"max-image-preview:large","max-video-preview":"max-video-preview:-1"},"canonical":"https:\/\/www.camac-harps.com\/blog\/fr\/non-classifiee\/conversation-avec-marie-claire-jamet\/","og_locale":"fr_FR","og_type":"article","og_title":"Entretien avec Marie-Claire Jamet - Camac Harps","og_description":"Marie-Claire n'est pas seulement une artiste exceptionnelle, elle fait aussi partie d'une des plus grandes lign\u00e9es de l'histoire de la harpe.","og_url":"https:\/\/www.camac-harps.com\/blog\/fr\/non-classifiee\/conversation-avec-marie-claire-jamet\/","og_site_name":"Camac Harps","article_published_time":"2016-01-22T09:20:25+00:00","article_modified_time":"2017-06-15T08:28:40+00:00","og_image":[{"width":202,"height":269,"url":"https:\/\/www.camac-harps.com\/blog\/wp-content\/uploads\/sites\/27\/2016\/01\/marie-claire-jamet.jpg","type":"image\/jpeg"}],"author":"Helen Leitner","twitter_card":"summary_large_image","twitter_misc":{"\u00c9crit par":"Helen Leitner","Dur\u00e9e de lecture estim\u00e9e":"7 minutes"},"schema":{"@context":"https:\/\/schema.org","@graph":[{"@type":"Article","@id":"https:\/\/www.camac-harps.com\/blog\/fr\/non-classifiee\/conversation-avec-marie-claire-jamet\/#article","isPartOf":{"@id":"https:\/\/www.camac-harps.com\/blog\/fr\/non-classifiee\/conversation-avec-marie-claire-jamet\/"},"author":{"name":"Helen Leitner","@id":"https:\/\/www.camac-harps.com\/blog\/fr\/#\/schema\/person\/59b9e6843c0338179fb914afaf144d22"},"headline":"Entretien avec Marie-Claire Jamet","datePublished":"2016-01-22T09:20:25+00:00","dateModified":"2017-06-15T08:28:40+00:00","mainEntityOfPage":{"@id":"https:\/\/www.camac-harps.com\/blog\/fr\/non-classifiee\/conversation-avec-marie-claire-jamet\/"},"wordCount":1460,"commentCount":0,"image":{"@id":"https:\/\/www.camac-harps.com\/blog\/fr\/non-classifiee\/conversation-avec-marie-claire-jamet\/#primaryimage"},"thumbnailUrl":"https:\/\/www.camac-harps.com\/blog\/wp-content\/uploads\/sites\/27\/2016\/01\/marie-claire-jamet.jpg","articleSection":["Non classifi\u00e9(e)"],"inLanguage":"fr-FR","potentialAction":[{"@type":"CommentAction","name":"Comment","target":["https:\/\/www.camac-harps.com\/blog\/fr\/non-classifiee\/conversation-avec-marie-claire-jamet\/#respond"]}]},{"@type":"WebPage","@id":"https:\/\/www.camac-harps.com\/blog\/fr\/non-classifiee\/conversation-avec-marie-claire-jamet\/","url":"https:\/\/www.camac-harps.com\/blog\/fr\/non-classifiee\/conversation-avec-marie-claire-jamet\/","name":"Entretien avec Marie-Claire Jamet - Camac Harps","isPartOf":{"@id":"https:\/\/www.camac-harps.com\/blog\/fr\/#website"},"primaryImageOfPage":{"@id":"https:\/\/www.camac-harps.com\/blog\/fr\/non-classifiee\/conversation-avec-marie-claire-jamet\/#primaryimage"},"image":{"@id":"https:\/\/www.camac-harps.com\/blog\/fr\/non-classifiee\/conversation-avec-marie-claire-jamet\/#primaryimage"},"thumbnailUrl":"https:\/\/www.camac-harps.com\/blog\/wp-content\/uploads\/sites\/27\/2016\/01\/marie-claire-jamet.jpg","datePublished":"2016-01-22T09:20:25+00:00","dateModified":"2017-06-15T08:28:40+00:00","author":{"@id":"https:\/\/www.camac-harps.com\/blog\/fr\/#\/schema\/person\/59b9e6843c0338179fb914afaf144d22"},"breadcrumb":{"@id":"https:\/\/www.camac-harps.com\/blog\/fr\/non-classifiee\/conversation-avec-marie-claire-jamet\/#breadcrumb"},"inLanguage":"fr-FR","potentialAction":[{"@type":"ReadAction","target":["https:\/\/www.camac-harps.com\/blog\/fr\/non-classifiee\/conversation-avec-marie-claire-jamet\/"]}]},{"@type":"ImageObject","inLanguage":"fr-FR","@id":"https:\/\/www.camac-harps.com\/blog\/fr\/non-classifiee\/conversation-avec-marie-claire-jamet\/#primaryimage","url":"https:\/\/www.camac-harps.com\/blog\/wp-content\/uploads\/sites\/27\/2016\/01\/marie-claire-jamet.jpg","contentUrl":"https:\/\/www.camac-harps.com\/blog\/wp-content\/uploads\/sites\/27\/2016\/01\/marie-claire-jamet.jpg","width":202,"height":269,"caption":"Marie-Claire Jamet. Photo: Harcourt"},{"@type":"BreadcrumbList","@id":"https:\/\/www.camac-harps.com\/blog\/fr\/non-classifiee\/conversation-avec-marie-claire-jamet\/#breadcrumb","itemListElement":[{"@type":"ListItem","position":1,"name":"Home","item":"https:\/\/www.camac-harps.com\/blog\/fr\/"},{"@type":"ListItem","position":2,"name":"Entretien avec Marie-Claire Jamet"}]},{"@type":"WebSite","@id":"https:\/\/www.camac-harps.com\/blog\/fr\/#website","url":"https:\/\/www.camac-harps.com\/blog\/fr\/","name":"Camac Harps","description":"","potentialAction":[{"@type":"SearchAction","target":{"@type":"EntryPoint","urlTemplate":"https:\/\/www.camac-harps.com\/blog\/fr\/?s={search_term_string}"},"query-input":{"@type":"PropertyValueSpecification","valueRequired":true,"valueName":"search_term_string"}}],"inLanguage":"fr-FR"},{"@type":"Person","@id":"https:\/\/www.camac-harps.com\/blog\/fr\/#\/schema\/person\/59b9e6843c0338179fb914afaf144d22","name":"Helen Leitner","image":{"@type":"ImageObject","inLanguage":"fr-FR","@id":"https:\/\/www.camac-harps.com\/blog\/fr\/#\/schema\/person\/image\/","url":"https:\/\/secure.gravatar.com\/avatar\/ebbebff931219cff4c2d1e25c3229b2e036693f67bf237fb12f452d7a019a6da?s=96&d=mm&r=g","contentUrl":"https:\/\/secure.gravatar.com\/avatar\/ebbebff931219cff4c2d1e25c3229b2e036693f67bf237fb12f452d7a019a6da?s=96&d=mm&r=g","caption":"Helen Leitner"},"url":"https:\/\/www.camac-harps.com\/blog\/fr\/author\/ltnr\/"}]}},"_links":{"self":[{"href":"https:\/\/www.camac-harps.com\/blog\/fr\/wp-json\/wp\/v2\/posts\/3764","targetHints":{"allow":["GET"]}}],"collection":[{"href":"https:\/\/www.camac-harps.com\/blog\/fr\/wp-json\/wp\/v2\/posts"}],"about":[{"href":"https:\/\/www.camac-harps.com\/blog\/fr\/wp-json\/wp\/v2\/types\/post"}],"author":[{"embeddable":true,"href":"https:\/\/www.camac-harps.com\/blog\/fr\/wp-json\/wp\/v2\/users\/3"}],"replies":[{"embeddable":true,"href":"https:\/\/www.camac-harps.com\/blog\/fr\/wp-json\/wp\/v2\/comments?post=3764"}],"version-history":[{"count":1,"href":"https:\/\/www.camac-harps.com\/blog\/fr\/wp-json\/wp\/v2\/posts\/3764\/revisions"}],"predecessor-version":[{"id":20036,"href":"https:\/\/www.camac-harps.com\/blog\/fr\/wp-json\/wp\/v2\/posts\/3764\/revisions\/20036"}],"wp:featuredmedia":[{"embeddable":true,"href":"https:\/\/www.camac-harps.com\/blog\/fr\/wp-json\/wp\/v2\/media\/3610"}],"wp:attachment":[{"href":"https:\/\/www.camac-harps.com\/blog\/fr\/wp-json\/wp\/v2\/media?parent=3764"}],"wp:term":[{"taxonomy":"category","embeddable":true,"href":"https:\/\/www.camac-harps.com\/blog\/fr\/wp-json\/wp\/v2\/categories?post=3764"},{"taxonomy":"post_tag","embeddable":true,"href":"https:\/\/www.camac-harps.com\/blog\/fr\/wp-json\/wp\/v2\/tags?post=3764"}],"curies":[{"name":"wp","href":"https:\/\/api.w.org\/{rel}","templated":true}]}}