{"id":3828,"date":"2016-02-02T20:01:05","date_gmt":"2016-02-02T20:01:05","guid":{"rendered":"http:\/\/www.harpblog.info\/?p=3828"},"modified":"2017-06-29T07:42:45","modified_gmt":"2017-06-29T07:42:45","slug":"harpes-au-max-demandez-le-programme","status":"publish","type":"post","link":"https:\/\/www.camac-harps.com\/blog\/fr\/non-classifiee\/harpes-au-max-demandez-le-programme\/","title":{"rendered":"Harpes au Max : demandez le programme !"},"content":{"rendered":"<p>Le festival \u00ab\u00a0Harpes au Max\u00a0\u00bb proposera une programmation riche et vari\u00e9e tout au long du week-end de la Pentec\u00f4te ! Retrouvez le programme d\u00e9taill\u00e9\u00a0<a href=\"http:\/\/www.harpesaumax.com\/fr\/programmation\/jours\/\" target=\"_blank\">ici<\/a>.<\/p>\n<div id=\"attachment_3522\" class=\"wp-caption alignright\" style=\"width: 200px\"><a href=\"https:\/\/www.camac-harps.com\/wp-content\/uploads\/sites\/27\/2016\/01\/img_0019-b-1.jpg\" rel=\"attachment wp-att-3522\"><img loading=\"lazy\" decoding=\"async\" class=\"size-medium wp-image-3522\" src=\"https:\/\/www.camac-harps.com\/wp-content\/uploads\/sites\/27\/2016\/01\/img_0019-b-1-200x300.jpg\" alt=\"\u015eirin Pancaro\u011flu \/ photo: Ahmet G\u00fcl\" width=\"200\" height=\"300\" srcset=\"https:\/\/www.camac-harps.com\/blog\/wp-content\/uploads\/sites\/27\/2016\/01\/img_0019-b-1-200x300.jpg 200w, https:\/\/www.camac-harps.com\/blog\/wp-content\/uploads\/sites\/27\/2016\/01\/img_0019-b-1-768x1152.jpg 768w, https:\/\/www.camac-harps.com\/blog\/wp-content\/uploads\/sites\/27\/2016\/01\/img_0019-b-1-683x1024.jpg 683w, https:\/\/www.camac-harps.com\/blog\/wp-content\/uploads\/sites\/27\/2016\/01\/img_0019-b-1-300x450.jpg 300w, https:\/\/www.camac-harps.com\/blog\/wp-content\/uploads\/sites\/27\/2016\/01\/img_0019-b-1-800x1200.jpg 800w, https:\/\/www.camac-harps.com\/blog\/wp-content\/uploads\/sites\/27\/2016\/01\/img_0019-b-1-55x83.jpg 55w, https:\/\/www.camac-harps.com\/blog\/wp-content\/uploads\/sites\/27\/2016\/01\/img_0019-b-1-250x375.jpg 250w, https:\/\/www.camac-harps.com\/blog\/wp-content\/uploads\/sites\/27\/2016\/01\/img_0019-b-1.jpg 950w\" sizes=\"auto, (max-width: 200px) 100vw, 200px\" \/><\/a><p class=\"wp-caption-text\">\u015eirin Pancaro\u011flu \/ photo : Ahmet G\u00fcl<\/p><\/div>\n<p>Le festival d\u00e9butera le vendredi 13 mai \u00e0 20h, avec une soir\u00e9e \u00ab\u00a0Harpes du Monde\u00a0\u00bb\u00a0:\u00a0<span class=\"st\"><a href=\"http:\/\/www.sirinpancaroglu.com\/\" target=\"_blank\">\u015eirin Pancaro\u011flu<\/a> (Turquie) jouera du\u00a0<a href=\"http:\/\/www.sirinpancaroglu.com\/en\/projects\/cengnagme\/\" target=\"_blank\">\u00e7eng<\/a>\u00a0en duo avec Bora Uymaz\u00a0; Taras Yanitskiy (Ukraine) nous fera d\u00e9couvrir la\u00a0bandoura ; Wu Lin jouera du\u00a0konghou, une ancienne harpe chinoise ; et le trio v\u00e9n\u00e9zu\u00e9lien, compos\u00e9 d&rsquo;<a href=\"https:\/\/www.camac-harps.com\/blog\/fr_blog\/2015\/06\/eduardo-betancourt-et-sa-camac-llanera\/\" target=\"_blank\">Eduardo Betancourt<\/a>, Leonard Jacome et\u00a0Leonidas Rondon, mettra notre\u00a0<a href=\"https:\/\/www.camac-harps.com\/blog\/fr_blog\/2015\/06\/nos-harpes-llaneras-comment-tout-a-debute\/\" target=\"_blank\">llanera<\/a>\u00a0\u00e0 l&rsquo;honneur ! Le\u00a0\u00e7eng et le\u00a0konghou ont des origines anciennes (des \u00e7engs vieux de 2500 ans ont \u00e9t\u00e9 retrouv\u00e9s) et sont tous les deux des instruments qui ont disparu pendant des si\u00e8cles, avant de rena\u00eetre au cours du XXe si\u00e8cle.\u00a0La bandoura a \u00e9galement connu des\u00a0p\u00e9riodes de d\u00e9clin, de renaissance et d&rsquo;\u00e9volution, souvent caus\u00e9es par des changements politiques.\u00a0La\u00a0<a href=\"https:\/\/camac-harps.com\/fr\/harpes\/harpes-sud-americaines\/ec-llanera-35\" target=\"_blank\">harpe llanera<\/a>, instrument que l&rsquo;on retrouve\u00a0en Colombie et au Venezuela, est inspir\u00e9e de la harpe baroque espagnole. Cet instrument trouve maintenant de plus en plus sa place dans le Latin Jazz. Ce concert est donc un voyage autour du monde, et mettra en valeur ces instruments anciens, leur tradition, leur histoire, ainsi que leur identit\u00e9 actuelle.<\/span><\/p>\n<p>Au m\u00eame moment, vous pouvez \u00e9galement choisir d&rsquo;aller applaudir le duo de harpes celtiques Ars Celtica, compos\u00e9 de Myrdhin et d&rsquo;Elisa Nicotra, qui nous proposera un concert \u00e0 l&rsquo;Eglise du Vieux-Bourg \u00e0 Saint-Sulpice-des-Landes.<\/p>\n<p>A la suite de ces concerts, vous pourrez vous rendre au\u00a0Th\u00e9\u00e2tre Quartier Libre d&rsquo;Ancenis : \u00a0le Tara Minton Trio jouera deux fois, \u00e0 21h et \u00e0 23h, dans la magnifique Chapelle des Ursulines. Cela fait d\u00e9j\u00e0 longtemps que nous suivons le parcours de Tara Minton avec attention. Nous avons d&rsquo;ailleurs v\u00e9cu une <a href=\"https:\/\/www.camac-harps.com\/blog\/fr_blog\/2015\/12\/une-journee-avec-tara-minton\/\" target=\"_blank\">merveilleuse journ\u00e9e avec elle \u00e0 Cambridge<\/a> et nous sommes ravis d&rsquo;accueillir son Trio en France !<\/p>\n<div id=\"attachment_3469\" class=\"wp-caption alignleft\" style=\"width: 150px\"><a href=\"https:\/\/www.camac-harps.com\/wp-content\/uploads\/sites\/27\/2016\/01\/f110c7b190f17992a81f02f7e92d3cde.jpeg\" rel=\"attachment wp-att-3469\"><img loading=\"lazy\" decoding=\"async\" class=\"wp-image-3469 size-thumbnail\" src=\"https:\/\/www.camac-harps.com\/wp-content\/uploads\/sites\/27\/2016\/01\/f110c7b190f17992a81f02f7e92d3cde-150x150.jpeg\" alt=\"Ranagri are associated with the UK charity Music In Hospitals. 100% of the proceeds from 'When Music Speaks' will go to MIH, enabling fantastic free concerts in a variety of health care establishments. \" width=\"150\" height=\"150\" srcset=\"https:\/\/www.camac-harps.com\/blog\/wp-content\/uploads\/sites\/27\/2016\/01\/f110c7b190f17992a81f02f7e92d3cde-150x150.jpeg 150w, https:\/\/www.camac-harps.com\/blog\/wp-content\/uploads\/sites\/27\/2016\/01\/f110c7b190f17992a81f02f7e92d3cde-55x55.jpeg 55w, https:\/\/www.camac-harps.com\/blog\/wp-content\/uploads\/sites\/27\/2016\/01\/f110c7b190f17992a81f02f7e92d3cde-250x250.jpeg 250w, https:\/\/www.camac-harps.com\/blog\/wp-content\/uploads\/sites\/27\/2016\/01\/f110c7b190f17992a81f02f7e92d3cde.jpeg 277w\" sizes=\"auto, (max-width: 150px) 100vw, 150px\" \/><\/a><p class=\"wp-caption-text\">Ranagri est\u00a0partenaire de l&rsquo;association caritative britannique\u00a0\u00ab\u00a0Music In Hospitals\u00a0\u00bb. L&rsquo;int\u00e9gralit\u00e9\u00a0des b\u00e9n\u00e9fices de leur album\u00a0\u00ab\u00a0When Music Speaks\u00a0\u00bb revient au MIH, permettant ainsi l&rsquo;organisation de concerts gratuits dans divers \u00e9tablissements de sant\u00e9.<\/p><\/div>\n<p>A 22h, entre les deux passages du\u00a0Tara Minton Trio, nous l\u00e8verons notre verre en l&rsquo;honneur de la musique irlandaise contemporaine :\u00a0<a href=\"http:\/\/www.ranagri.com\/\" target=\"_blank\">Ranagri<\/a>, groupe de musique indie-folk contemporaine,\u00a0ouvrira le programme de\u00a0\u00ab\u00a0Harpes \u00e0 la Taverne\u00a0\u00bb. Vous pourrez y d\u00e9couvrir quatre musiciens aux carri\u00e8res impressionnantes :\u00a0Jean Kelly (harpe \u00e9lectrique <a href=\"https:\/\/www.camac-harps.com\/blog\/fr\/harpes\/harpes-electriques\/dhc-blue-light-32\" target=\"_blank\">DHC Blue Light<\/a>), Donal Rogers (chant\/guitare), Eliza Marshall (fl\u00fbtes\/whistles) et\u00a0Tad Sargent (bodhran\/bouzouki). Ranagri a beaucoup d&rsquo;exp\u00e9riences diff\u00e9rentes \u00e0 son actif : concert \u00e0 l&rsquo;Albert Hall, prestation pour la BBC Radio 3, tourn\u00e9es et enregistrements avec Peter Gabriel, Ennio Morricone, James Horner et\u00a0Hans Zimmer, sessions de musique traditionnelle irlandaise, projets avec The Divine Comedy et\u00a0Radiohead&#8230;<\/p>\n<p>En 2014, Ranagri a sign\u00e9 avec\u00a0Stockfisch Records, avec qui ils ont enregistr\u00e9 l&rsquo;album \u00ab\u00a0Fort of the Hare\u00a0\u00bb, acclam\u00e9 par la critique. Un nouvel album avec le c\u00e9l\u00e8bre Tony Christie est en pr\u00e9paration. Vous pouvez d&rsquo;ores et d\u00e9j\u00e0 avoir un avant-go\u00fbt de leur musique\u00a0<a href=\"https:\/\/soundcloud.com\/ranagri\/\" target=\"_blank\">ici<\/a>\u00a0et\u00a0<a href=\"https:\/\/www.youtube.com\/channel\/UCGzMGW-G1gj9qtP1l___bgg\" target=\"_blank\">ici<\/a>. Vous aurez \u00e9galement une deuxi\u00e8me opportunit\u00e9 de les \u00e9couter \u00e0 Ancenis le samedi 14 mai lors du concert \u00ab\u00a0Pop&rsquo;Harpes\u00a0\u00bb.<\/p>\n<div id=\"attachment_3549\" class=\"wp-caption alignright\" style=\"width: 300px\"><a href=\"http:\/\/www.anneleenlenaerts.com\" rel=\"attachment wp-att-3549\"><img loading=\"lazy\" decoding=\"async\" class=\"size-medium wp-image-3549\" src=\"https:\/\/www.camac-harps.com\/wp-content\/uploads\/sites\/27\/2016\/01\/12510401_334203576703513_1054871823859743167_n-300x239.jpg\" alt=\"Anneleen \/ Bruges\" width=\"300\" height=\"239\" srcset=\"https:\/\/www.camac-harps.com\/blog\/wp-content\/uploads\/sites\/27\/2016\/01\/12510401_334203576703513_1054871823859743167_n-300x239.jpg 300w, https:\/\/www.camac-harps.com\/blog\/wp-content\/uploads\/sites\/27\/2016\/01\/12510401_334203576703513_1054871823859743167_n-800x636.jpg 800w, https:\/\/www.camac-harps.com\/blog\/wp-content\/uploads\/sites\/27\/2016\/01\/12510401_334203576703513_1054871823859743167_n-768x611.jpg 768w, https:\/\/www.camac-harps.com\/blog\/wp-content\/uploads\/sites\/27\/2016\/01\/12510401_334203576703513_1054871823859743167_n-55x44.jpg 55w, https:\/\/www.camac-harps.com\/blog\/wp-content\/uploads\/sites\/27\/2016\/01\/12510401_334203576703513_1054871823859743167_n-250x199.jpg 250w, https:\/\/www.camac-harps.com\/blog\/wp-content\/uploads\/sites\/27\/2016\/01\/12510401_334203576703513_1054871823859743167_n.jpg 836w\" sizes=\"auto, (max-width: 300px) 100vw, 300px\" \/><\/a><p class=\"wp-caption-text\">Anneleen Lenaerts lors de son interpr\u00e9tation du\u00a0Concerto de Rodrigo\u00a0au concert du Nouvel An avec le Philharmonique de Bruxelles dirig\u00e9 par\u00a0Herv\u00e9 Niquet, Concertgebouw Bruges 2016<\/p><\/div>\n<p>Puisque nous parlons du samedi 14 mai, la journ\u00e9e commencera \u00e0 midi au Ch\u00e2teau d&rsquo;Ancenis avec un r\u00e9cital de musique classique donn\u00e9 par\u00a0Marcel Cara et\u00a0Aiste Balyunite. Marcel et\u00a0Aiste sont tous les deux \u00e9l\u00e8ves d&rsquo;Isabelle Moretti au Conservatoire de Paris et ont d\u00e9j\u00e0 obtenu de nombreuses r\u00e9compenses, notamment au\u00a0<a href=\"https:\/\/www.camac-harps.com\/blog\/fr_blog\/2015\/09\/concours-francais-de-la-harpe-a-limoges\/\">Concours Francais de la Harpe<\/a>\u00a0\u00e0 Limoges pour Aiste et au\u00a0<a href=\"http:\/\/harpcompetition.webs.com\/news\" target=\"_blank\">International Harp Competition<\/a>\u00a0\u00e0 Szeged pour Marcel. La journ\u00e9e se poursuivra avec le concert\u00a0\u00ab\u00a0Classique \u00e0 la Chapelle\u00a0\u00bb, \u00e0 17h. Ce concert se d\u00e9roulera en deux temps. En premi\u00e8re partie, vous pourrez d\u00e9couvrir un jeune talent, Elisa Jouve, qui a <a href=\"https:\/\/www.camac-harps.com\/blog\/fr_blog\/2015\/12\/les-prodiges-font-leur-show-2015\/\" target=\"_blank\">remport\u00e9 la cat\u00e9gorie instrumentale\u00a0de l&rsquo;\u00e9mission \u00ab\u00a0Les Prodiges\u00a0\u00bb<\/a> diffus\u00e9e sur France 2 en d\u00e9cembre dernier. Elle se produira pour l&rsquo;occasion en duo avec l&rsquo;altiste Jeanne Duquesnoy. En deuxi\u00e8me partie, vous pourrez entendre une artiste qu&rsquo;on ne pr\u00e9sente plus :\u00a0<a href=\"http:\/\/www.anneleenlenaerts.com\" target=\"_blank\">Anneleen Lenaerts<\/a>. A 27 ans, la Harpiste Principale du Philharmonique de Vienne est aussi reconnue comme \u00e9tant l&rsquo;une des meilleures solistes. Elle a r\u00e9cemment sorti un <a href=\"https:\/\/www.camac-harps.com\/blog\/fr_blog\/2015\/06\/anneleen-lenaerts-concertos-pour-harpe\/\" target=\"_blank\">disque de concertos pour harpe<\/a>\u00a0(Gli\u00e8re, Rodrigo, Jongen) avec le Philharmonique de Bruxelles dirig\u00e9 par\u00a0Michel Tabachnik (Warner Classics\u00a05054196350550). Nous aimons aussi tout particuli\u00e8rement son fabuleux\u00a0<a href=\"http:\/\/www.anneleenlenaerts.com\/en\/tracks\/8\/\" target=\"_blank\">programme de Chopin et\u00a0Liszt<\/a>\u00a0(Aliud\u00a0ACDBB0562), et notamment \u00a0son interpr\u00e9tation du superbe\u00a0Nocturne Op.48 qui nous \u00e9meut \u00e0 chaque fois que nous l&rsquo;\u00e9coutons.<\/p>\n<p>A 19h, au Th\u00e9\u00e2tre Quartier Libre, la sc\u00e8ne sera ouverte \u00e0 tous ceux qui souhaitent venir jouer ! Et \u00e0 20h commencera le concert \u00ab\u00a0Pop&rsquo;Harpes\u00a0\u00bb avec\u00a0<a href=\"http:\/\/www.elisa-vellia.com\" target=\"_blank\">Elisa Vellia<\/a>, qui nous a inspir\u00e9 notre harpe celtique tr\u00e8s l\u00e9g\u00e8re\u00a0<a href=\"https:\/\/www.camac-harps.com\/blog\/fr\/harpes\/harpes-celtiques\/ulysse\" target=\"_blank\">Ulysse<\/a>, <a href=\"http:\/\/www.ranagri.com\" target=\"_blank\">Ranagri<\/a>\u00a0dont nous avons parl\u00e9 plus t\u00f4t, et\u00a0<a href=\"http:\/\/www.hipharp.com\" target=\"_blank\">Deborah Henson-Conant<\/a>. C&rsquo;est en collaboration avec Deborah que nous avons con\u00e7u notre\u00a0<a href=\"https:\/\/www.camac-harps.com\/blog\/fr\/harpes\/harpes-electriques\/dhc-blue-light-32\" target=\"_blank\">DHC Blue Light<\/a>, une harpe celtique \u00e9lectrique portative, que Deborah qualifie comme \u00e9tant \u00ab\u00a0LA harpe polyvalente du XXIe si\u00e8cle\u00a0\u00bb.<\/p>\n<p>Au m\u00eame moment, \u00e0 20h30, \u00e0 l&rsquo;Eglise de Montrelais, vous pourrez assister \u00e0 un concert gratuit d&rsquo;ensembles de harpes :\u00a0l&rsquo;ensemble \u00ab\u00a0Dynamic Harps\u00a0\u00bb de Cardiff dirig\u00e9 par\u00a0Shelley Fairplay et les \u00ab\u00a0Cempaka and Penangen Harp Ensembles\u00a0\u00bb (<a href=\"http:\/\/www.raveharps.com\" target=\"_blank\">Rave Harps<\/a>)\u00a0venus\u00a0de \u00a0Malaisie. Vous pourrez r\u00e9entendre ces ensembles le dimanche au\u00a0Th\u00e9\u00e2tre Quartier Libre \u00e0 14h30. Pour ce deuxi\u00e8me concert, ils seront rejoints par d&rsquo;autres ensembles : le\u00a0\u00ab\u00a0Tasmanian Harp Ensemble\u00a0\u00bb, \u00ab\u00a0Hexarpa\u00a0\u00bb (France) et \u00ab\u00a0Harpo-M\u00e9lusine\u00a0\u00bb (France).<\/p>\n<p>Puis place \u00e0 la Fi\u00e8vre du Samedi Soir pour terminer en beaut\u00e9 cette deuxi\u00e8me journ\u00e9e de festival, avec le concert \u00ab\u00a0Harpes au Club\u00a0\u00bb. Tara Minton, Shelley Frost, Arnaud Roy et\u00a0Eduardo Betancourt uniront leurs forces avec les\u00a0DJs Bertrand Depart et\u00a0Dan Bono, au sein de la magnifique Chapelle des Ursulines, pour une soir\u00e9e que vous n&rsquo;\u00eates pas pr\u00eats d&rsquo;oublier !<\/p>\n<p><a href=\"http:\/\/http:\/\/www.dassonandelenn.bzh\" rel=\"attachment wp-att-736\"><img loading=\"lazy\" decoding=\"async\" class=\"alignright size-medium wp-image-736\" src=\"https:\/\/www.camac-harps.com\/wp-content\/uploads\/sites\/27\/2015\/04\/dasson-an-delenn-1-211x300.jpg\" alt=\"Dasson An Delenn\" width=\"211\" height=\"300\" srcset=\"https:\/\/www.camac-harps.com\/blog\/wp-content\/uploads\/sites\/27\/2015\/04\/dasson-an-delenn-1-211x300.jpg 211w, https:\/\/www.camac-harps.com\/blog\/wp-content\/uploads\/sites\/27\/2015\/04\/dasson-an-delenn-1-768x1090.jpg 768w, https:\/\/www.camac-harps.com\/blog\/wp-content\/uploads\/sites\/27\/2015\/04\/dasson-an-delenn-1-722x1024.jpg 722w, https:\/\/www.camac-harps.com\/blog\/wp-content\/uploads\/sites\/27\/2015\/04\/dasson-an-delenn-1-300x426.jpg 300w, https:\/\/www.camac-harps.com\/blog\/wp-content\/uploads\/sites\/27\/2015\/04\/dasson-an-delenn-1-800x1135.jpg 800w, https:\/\/www.camac-harps.com\/blog\/wp-content\/uploads\/sites\/27\/2015\/04\/dasson-an-delenn-1-55x78.jpg 55w, https:\/\/www.camac-harps.com\/blog\/wp-content\/uploads\/sites\/27\/2015\/04\/dasson-an-delenn-1-250x355.jpg 250w, https:\/\/www.camac-harps.com\/blog\/wp-content\/uploads\/sites\/27\/2015\/04\/dasson-an-delenn-1.jpg 874w\" sizes=\"auto, (max-width: 211px) 100vw, 211px\" \/><\/a>Le dimanche 15 mai, nous ferons de notre mieux pour ne pas arriver au premier concert de la journ\u00e9e toujours v\u00eatus de nos habits\u00a0de f\u00eate de la veille. Nous serons\u00a0ravis d&rsquo;accueillir au\u00a0Ch\u00e2teau d&rsquo;Ancenis les laur\u00e9ats de notre r\u00e9cent concours de harpe celtique en Bretagne, <a href=\"https:\/\/www.camac-harps.com\/blog\/fr_blog\/2015\/06\/862\/\" target=\"_blank\">Dasson An Delenn<\/a>\u00a0:\u00a0Paul Vieuxloup et\u00a0Nour Midouni, Aurore Esposito, Bleuenn Guillouard, C\u00e9line Bourreau et\u00a0Ad\u00e8le Etaix. Apr\u00e8s le d\u00e9jeuner, aura lieu le grand concert d&rsquo;ensembles dont nous avons parl\u00e9 plus t\u00f4t, puis, \u00e0 18h, une deuxi\u00e8me \u00e9dition du concert \u00ab\u00a0Classique \u00e0 la Chapelle\u00a0\u00bb avec Elisa Jouve et\u00a0Anneleen Lenaerts.<\/p>\n<p>Je dois pr\u00e9ciser que ce programme n&rsquo;est pas exhaustif ! Il y aura bien d&rsquo;autres prestations gratuites et informelles, le samedi et le dimanche, dans toutes sortes de lieux, \u00e0 Ancenis et ses environs : dans la rue, dans les centres commerciaux, dans les biblioth\u00e8ques municipales&#8230; Alors, gardez bien vos yeux et vos oreilles ouvertes, et qui sait ce que vous d\u00e9couvrirez !<\/p>\n","protected":false},"excerpt":{"rendered":"<p>Le festival \u00ab\u00a0Harpes au Max\u00a0\u00bb proposera une programmation riche et vari\u00e9e tout au long du week-end de la Pentec\u00f4te ! Retrouvez ici un aper\u00e7u du programme.<\/p>\n","protected":false},"author":3,"featured_media":3441,"comment_status":"open","ping_status":"open","sticky":false,"template":"","format":"standard","meta":{"_acf_changed":false,"footnotes":""},"categories":[2],"tags":[],"class_list":["post-3828","post","type-post","status-publish","format-standard","has-post-thumbnail","hentry","category-non-classifiee"],"acf":[],"yoast_head":"<title>Harpes au Max : demandez le programme ! - Camac Harps<\/title>\n<meta name=\"robots\" content=\"index, follow, max-snippet:-1, max-image-preview:large, max-video-preview:-1\" \/>\n<link rel=\"canonical\" href=\"https:\/\/www.camac-harps.com\/blog\/fr\/non-classifiee\/harpes-au-max-demandez-le-programme\/\" \/>\n<meta property=\"og:locale\" content=\"fr_FR\" \/>\n<meta property=\"og:type\" content=\"article\" \/>\n<meta property=\"og:title\" content=\"Harpes au Max : demandez le programme ! - Camac Harps\" \/>\n<meta property=\"og:description\" content=\"Le festival &quot;Harpes au Max&quot; proposera une programmation riche et vari\u00e9e tout au long du week-end de la Pentec\u00f4te ! Retrouvez ici un aper\u00e7u du programme.\" \/>\n<meta property=\"og:url\" content=\"https:\/\/www.camac-harps.com\/blog\/fr\/non-classifiee\/harpes-au-max-demandez-le-programme\/\" \/>\n<meta property=\"og:site_name\" content=\"Camac Harps\" \/>\n<meta property=\"article:published_time\" content=\"2016-02-02T20:01:05+00:00\" \/>\n<meta property=\"article:modified_time\" content=\"2017-06-29T07:42:45+00:00\" \/>\n<meta property=\"og:image\" content=\"https:\/\/www.camac-harps.com\/blog\/wp-content\/uploads\/sites\/27\/2016\/01\/compact-page13-e1453152966453.jpg\" \/>\n\t<meta property=\"og:image:width\" content=\"593\" \/>\n\t<meta property=\"og:image:height\" content=\"613\" \/>\n\t<meta property=\"og:image:type\" content=\"image\/jpeg\" \/>\n<meta name=\"author\" content=\"Helen Leitner\" \/>\n<meta name=\"twitter:card\" content=\"summary_large_image\" \/>\n<meta name=\"twitter:label1\" content=\"\u00c9crit par\" \/>\n\t<meta name=\"twitter:data1\" content=\"Helen Leitner\" \/>\n\t<meta name=\"twitter:label2\" content=\"Dur\u00e9e de lecture estim\u00e9e\" \/>\n\t<meta name=\"twitter:data2\" content=\"6 minutes\" \/>\n<script type=\"application\/ld+json\" class=\"yoast-schema-graph\">{\"@context\":\"https:\/\/schema.org\",\"@graph\":[{\"@type\":\"Article\",\"@id\":\"https:\/\/www.camac-harps.com\/blog\/fr\/non-classifiee\/harpes-au-max-demandez-le-programme\/#article\",\"isPartOf\":{\"@id\":\"https:\/\/www.camac-harps.com\/blog\/fr\/non-classifiee\/harpes-au-max-demandez-le-programme\/\"},\"author\":{\"name\":\"Helen Leitner\",\"@id\":\"https:\/\/www.camac-harps.com\/blog\/fr\/#\/schema\/person\/59b9e6843c0338179fb914afaf144d22\"},\"headline\":\"Harpes au Max : demandez le programme !\",\"datePublished\":\"2016-02-02T20:01:05+00:00\",\"dateModified\":\"2017-06-29T07:42:45+00:00\",\"mainEntityOfPage\":{\"@id\":\"https:\/\/www.camac-harps.com\/blog\/fr\/non-classifiee\/harpes-au-max-demandez-le-programme\/\"},\"wordCount\":1243,\"commentCount\":0,\"image\":{\"@id\":\"https:\/\/www.camac-harps.com\/blog\/fr\/non-classifiee\/harpes-au-max-demandez-le-programme\/#primaryimage\"},\"thumbnailUrl\":\"https:\/\/www.camac-harps.com\/blog\/wp-content\/uploads\/sites\/27\/2016\/01\/compact-page13-e1453152966453.jpg\",\"articleSection\":[\"Non classifi\u00e9(e)\"],\"inLanguage\":\"fr-FR\",\"potentialAction\":[{\"@type\":\"CommentAction\",\"name\":\"Comment\",\"target\":[\"https:\/\/www.camac-harps.com\/blog\/fr\/non-classifiee\/harpes-au-max-demandez-le-programme\/#respond\"]}]},{\"@type\":\"WebPage\",\"@id\":\"https:\/\/www.camac-harps.com\/blog\/fr\/non-classifiee\/harpes-au-max-demandez-le-programme\/\",\"url\":\"https:\/\/www.camac-harps.com\/blog\/fr\/non-classifiee\/harpes-au-max-demandez-le-programme\/\",\"name\":\"Harpes au Max : demandez le programme ! - Camac Harps\",\"isPartOf\":{\"@id\":\"https:\/\/www.camac-harps.com\/blog\/fr\/#website\"},\"primaryImageOfPage\":{\"@id\":\"https:\/\/www.camac-harps.com\/blog\/fr\/non-classifiee\/harpes-au-max-demandez-le-programme\/#primaryimage\"},\"image\":{\"@id\":\"https:\/\/www.camac-harps.com\/blog\/fr\/non-classifiee\/harpes-au-max-demandez-le-programme\/#primaryimage\"},\"thumbnailUrl\":\"https:\/\/www.camac-harps.com\/blog\/wp-content\/uploads\/sites\/27\/2016\/01\/compact-page13-e1453152966453.jpg\",\"datePublished\":\"2016-02-02T20:01:05+00:00\",\"dateModified\":\"2017-06-29T07:42:45+00:00\",\"author\":{\"@id\":\"https:\/\/www.camac-harps.com\/blog\/fr\/#\/schema\/person\/59b9e6843c0338179fb914afaf144d22\"},\"breadcrumb\":{\"@id\":\"https:\/\/www.camac-harps.com\/blog\/fr\/non-classifiee\/harpes-au-max-demandez-le-programme\/#breadcrumb\"},\"inLanguage\":\"fr-FR\",\"potentialAction\":[{\"@type\":\"ReadAction\",\"target\":[\"https:\/\/www.camac-harps.com\/blog\/fr\/non-classifiee\/harpes-au-max-demandez-le-programme\/\"]}]},{\"@type\":\"ImageObject\",\"inLanguage\":\"fr-FR\",\"@id\":\"https:\/\/www.camac-harps.com\/blog\/fr\/non-classifiee\/harpes-au-max-demandez-le-programme\/#primaryimage\",\"url\":\"https:\/\/www.camac-harps.com\/blog\/wp-content\/uploads\/sites\/27\/2016\/01\/compact-page13-e1453152966453.jpg\",\"contentUrl\":\"https:\/\/www.camac-harps.com\/blog\/wp-content\/uploads\/sites\/27\/2016\/01\/compact-page13-e1453152966453.jpg\",\"width\":593,\"height\":613,\"caption\":\"Ancenis programme\"},{\"@type\":\"BreadcrumbList\",\"@id\":\"https:\/\/www.camac-harps.com\/blog\/fr\/non-classifiee\/harpes-au-max-demandez-le-programme\/#breadcrumb\",\"itemListElement\":[{\"@type\":\"ListItem\",\"position\":1,\"name\":\"Home\",\"item\":\"https:\/\/www.camac-harps.com\/blog\/fr\/\"},{\"@type\":\"ListItem\",\"position\":2,\"name\":\"Harpes au Max : demandez le programme !\"}]},{\"@type\":\"WebSite\",\"@id\":\"https:\/\/www.camac-harps.com\/blog\/fr\/#website\",\"url\":\"https:\/\/www.camac-harps.com\/blog\/fr\/\",\"name\":\"Camac Harps\",\"description\":\"\",\"potentialAction\":[{\"@type\":\"SearchAction\",\"target\":{\"@type\":\"EntryPoint\",\"urlTemplate\":\"https:\/\/www.camac-harps.com\/blog\/fr\/?s={search_term_string}\"},\"query-input\":{\"@type\":\"PropertyValueSpecification\",\"valueRequired\":true,\"valueName\":\"search_term_string\"}}],\"inLanguage\":\"fr-FR\"},{\"@type\":\"Person\",\"@id\":\"https:\/\/www.camac-harps.com\/blog\/fr\/#\/schema\/person\/59b9e6843c0338179fb914afaf144d22\",\"name\":\"Helen Leitner\",\"image\":{\"@type\":\"ImageObject\",\"inLanguage\":\"fr-FR\",\"@id\":\"https:\/\/www.camac-harps.com\/blog\/fr\/#\/schema\/person\/image\/\",\"url\":\"https:\/\/secure.gravatar.com\/avatar\/ebbebff931219cff4c2d1e25c3229b2e036693f67bf237fb12f452d7a019a6da?s=96&d=mm&r=g\",\"contentUrl\":\"https:\/\/secure.gravatar.com\/avatar\/ebbebff931219cff4c2d1e25c3229b2e036693f67bf237fb12f452d7a019a6da?s=96&d=mm&r=g\",\"caption\":\"Helen Leitner\"},\"url\":\"https:\/\/www.camac-harps.com\/blog\/fr\/author\/ltnr\/\"}]}<\/script>","yoast_head_json":{"title":"Harpes au Max : demandez le programme ! - Camac Harps","robots":{"index":"index","follow":"follow","max-snippet":"max-snippet:-1","max-image-preview":"max-image-preview:large","max-video-preview":"max-video-preview:-1"},"canonical":"https:\/\/www.camac-harps.com\/blog\/fr\/non-classifiee\/harpes-au-max-demandez-le-programme\/","og_locale":"fr_FR","og_type":"article","og_title":"Harpes au Max : demandez le programme ! - Camac Harps","og_description":"Le festival \"Harpes au Max\" proposera une programmation riche et vari\u00e9e tout au long du week-end de la Pentec\u00f4te ! Retrouvez ici un aper\u00e7u du programme.","og_url":"https:\/\/www.camac-harps.com\/blog\/fr\/non-classifiee\/harpes-au-max-demandez-le-programme\/","og_site_name":"Camac Harps","article_published_time":"2016-02-02T20:01:05+00:00","article_modified_time":"2017-06-29T07:42:45+00:00","og_image":[{"width":593,"height":613,"url":"https:\/\/www.camac-harps.com\/blog\/wp-content\/uploads\/sites\/27\/2016\/01\/compact-page13-e1453152966453.jpg","type":"image\/jpeg"}],"author":"Helen Leitner","twitter_card":"summary_large_image","twitter_misc":{"\u00c9crit par":"Helen Leitner","Dur\u00e9e de lecture estim\u00e9e":"6 minutes"},"schema":{"@context":"https:\/\/schema.org","@graph":[{"@type":"Article","@id":"https:\/\/www.camac-harps.com\/blog\/fr\/non-classifiee\/harpes-au-max-demandez-le-programme\/#article","isPartOf":{"@id":"https:\/\/www.camac-harps.com\/blog\/fr\/non-classifiee\/harpes-au-max-demandez-le-programme\/"},"author":{"name":"Helen Leitner","@id":"https:\/\/www.camac-harps.com\/blog\/fr\/#\/schema\/person\/59b9e6843c0338179fb914afaf144d22"},"headline":"Harpes au Max : demandez le programme !","datePublished":"2016-02-02T20:01:05+00:00","dateModified":"2017-06-29T07:42:45+00:00","mainEntityOfPage":{"@id":"https:\/\/www.camac-harps.com\/blog\/fr\/non-classifiee\/harpes-au-max-demandez-le-programme\/"},"wordCount":1243,"commentCount":0,"image":{"@id":"https:\/\/www.camac-harps.com\/blog\/fr\/non-classifiee\/harpes-au-max-demandez-le-programme\/#primaryimage"},"thumbnailUrl":"https:\/\/www.camac-harps.com\/blog\/wp-content\/uploads\/sites\/27\/2016\/01\/compact-page13-e1453152966453.jpg","articleSection":["Non classifi\u00e9(e)"],"inLanguage":"fr-FR","potentialAction":[{"@type":"CommentAction","name":"Comment","target":["https:\/\/www.camac-harps.com\/blog\/fr\/non-classifiee\/harpes-au-max-demandez-le-programme\/#respond"]}]},{"@type":"WebPage","@id":"https:\/\/www.camac-harps.com\/blog\/fr\/non-classifiee\/harpes-au-max-demandez-le-programme\/","url":"https:\/\/www.camac-harps.com\/blog\/fr\/non-classifiee\/harpes-au-max-demandez-le-programme\/","name":"Harpes au Max : demandez le programme ! - Camac Harps","isPartOf":{"@id":"https:\/\/www.camac-harps.com\/blog\/fr\/#website"},"primaryImageOfPage":{"@id":"https:\/\/www.camac-harps.com\/blog\/fr\/non-classifiee\/harpes-au-max-demandez-le-programme\/#primaryimage"},"image":{"@id":"https:\/\/www.camac-harps.com\/blog\/fr\/non-classifiee\/harpes-au-max-demandez-le-programme\/#primaryimage"},"thumbnailUrl":"https:\/\/www.camac-harps.com\/blog\/wp-content\/uploads\/sites\/27\/2016\/01\/compact-page13-e1453152966453.jpg","datePublished":"2016-02-02T20:01:05+00:00","dateModified":"2017-06-29T07:42:45+00:00","author":{"@id":"https:\/\/www.camac-harps.com\/blog\/fr\/#\/schema\/person\/59b9e6843c0338179fb914afaf144d22"},"breadcrumb":{"@id":"https:\/\/www.camac-harps.com\/blog\/fr\/non-classifiee\/harpes-au-max-demandez-le-programme\/#breadcrumb"},"inLanguage":"fr-FR","potentialAction":[{"@type":"ReadAction","target":["https:\/\/www.camac-harps.com\/blog\/fr\/non-classifiee\/harpes-au-max-demandez-le-programme\/"]}]},{"@type":"ImageObject","inLanguage":"fr-FR","@id":"https:\/\/www.camac-harps.com\/blog\/fr\/non-classifiee\/harpes-au-max-demandez-le-programme\/#primaryimage","url":"https:\/\/www.camac-harps.com\/blog\/wp-content\/uploads\/sites\/27\/2016\/01\/compact-page13-e1453152966453.jpg","contentUrl":"https:\/\/www.camac-harps.com\/blog\/wp-content\/uploads\/sites\/27\/2016\/01\/compact-page13-e1453152966453.jpg","width":593,"height":613,"caption":"Ancenis programme"},{"@type":"BreadcrumbList","@id":"https:\/\/www.camac-harps.com\/blog\/fr\/non-classifiee\/harpes-au-max-demandez-le-programme\/#breadcrumb","itemListElement":[{"@type":"ListItem","position":1,"name":"Home","item":"https:\/\/www.camac-harps.com\/blog\/fr\/"},{"@type":"ListItem","position":2,"name":"Harpes au Max : demandez le programme !"}]},{"@type":"WebSite","@id":"https:\/\/www.camac-harps.com\/blog\/fr\/#website","url":"https:\/\/www.camac-harps.com\/blog\/fr\/","name":"Camac Harps","description":"","potentialAction":[{"@type":"SearchAction","target":{"@type":"EntryPoint","urlTemplate":"https:\/\/www.camac-harps.com\/blog\/fr\/?s={search_term_string}"},"query-input":{"@type":"PropertyValueSpecification","valueRequired":true,"valueName":"search_term_string"}}],"inLanguage":"fr-FR"},{"@type":"Person","@id":"https:\/\/www.camac-harps.com\/blog\/fr\/#\/schema\/person\/59b9e6843c0338179fb914afaf144d22","name":"Helen Leitner","image":{"@type":"ImageObject","inLanguage":"fr-FR","@id":"https:\/\/www.camac-harps.com\/blog\/fr\/#\/schema\/person\/image\/","url":"https:\/\/secure.gravatar.com\/avatar\/ebbebff931219cff4c2d1e25c3229b2e036693f67bf237fb12f452d7a019a6da?s=96&d=mm&r=g","contentUrl":"https:\/\/secure.gravatar.com\/avatar\/ebbebff931219cff4c2d1e25c3229b2e036693f67bf237fb12f452d7a019a6da?s=96&d=mm&r=g","caption":"Helen Leitner"},"url":"https:\/\/www.camac-harps.com\/blog\/fr\/author\/ltnr\/"}]}},"_links":{"self":[{"href":"https:\/\/www.camac-harps.com\/blog\/fr\/wp-json\/wp\/v2\/posts\/3828","targetHints":{"allow":["GET"]}}],"collection":[{"href":"https:\/\/www.camac-harps.com\/blog\/fr\/wp-json\/wp\/v2\/posts"}],"about":[{"href":"https:\/\/www.camac-harps.com\/blog\/fr\/wp-json\/wp\/v2\/types\/post"}],"author":[{"embeddable":true,"href":"https:\/\/www.camac-harps.com\/blog\/fr\/wp-json\/wp\/v2\/users\/3"}],"replies":[{"embeddable":true,"href":"https:\/\/www.camac-harps.com\/blog\/fr\/wp-json\/wp\/v2\/comments?post=3828"}],"version-history":[{"count":4,"href":"https:\/\/www.camac-harps.com\/blog\/fr\/wp-json\/wp\/v2\/posts\/3828\/revisions"}],"predecessor-version":[{"id":20525,"href":"https:\/\/www.camac-harps.com\/blog\/fr\/wp-json\/wp\/v2\/posts\/3828\/revisions\/20525"}],"wp:featuredmedia":[{"embeddable":true,"href":"https:\/\/www.camac-harps.com\/blog\/fr\/wp-json\/wp\/v2\/media\/3441"}],"wp:attachment":[{"href":"https:\/\/www.camac-harps.com\/blog\/fr\/wp-json\/wp\/v2\/media?parent=3828"}],"wp:term":[{"taxonomy":"category","embeddable":true,"href":"https:\/\/www.camac-harps.com\/blog\/fr\/wp-json\/wp\/v2\/categories?post=3828"},{"taxonomy":"post_tag","embeddable":true,"href":"https:\/\/www.camac-harps.com\/blog\/fr\/wp-json\/wp\/v2\/tags?post=3828"}],"curies":[{"name":"wp","href":"https:\/\/api.w.org\/{rel}","templated":true}]}}