{"id":3890,"date":"2016-02-07T12:43:53","date_gmt":"2016-02-07T12:43:53","guid":{"rendered":"http:\/\/www.harpblog.info\/?p=3890"},"modified":"2017-06-15T08:30:22","modified_gmt":"2017-06-15T08:30:22","slug":"lena-woods-dans-lemission-the-voice","status":"publish","type":"post","link":"https:\/\/www.camac-harps.com\/blog\/fr\/non-classifiee\/lena-woods-dans-lemission-the-voice\/","title":{"rendered":"Lena Woods dans l&rsquo;\u00e9mission The Voice"},"content":{"rendered":"<div id=\"attachment_3819\" class=\"wp-caption alignright\" style=\"width: 300px\"><img loading=\"lazy\" decoding=\"async\" class=\"size-medium wp-image-3819\" src=\"https:\/\/www.camac-harps.com\/wp-content\/uploads\/sites\/27\/2016\/02\/428425_344636025607448_1414408481_n-300x200.jpg\" alt=\"Ancenis 2012\" width=\"300\" height=\"200\" srcset=\"https:\/\/www.camac-harps.com\/blog\/wp-content\/uploads\/sites\/27\/2016\/02\/428425_344636025607448_1414408481_n-300x200.jpg 300w, https:\/\/www.camac-harps.com\/blog\/wp-content\/uploads\/sites\/27\/2016\/02\/428425_344636025607448_1414408481_n-800x533.jpg 800w, https:\/\/www.camac-harps.com\/blog\/wp-content\/uploads\/sites\/27\/2016\/02\/428425_344636025607448_1414408481_n-768x512.jpg 768w, https:\/\/www.camac-harps.com\/blog\/wp-content\/uploads\/sites\/27\/2016\/02\/428425_344636025607448_1414408481_n-55x37.jpg 55w, https:\/\/www.camac-harps.com\/blog\/wp-content\/uploads\/sites\/27\/2016\/02\/428425_344636025607448_1414408481_n-250x167.jpg 250w, https:\/\/www.camac-harps.com\/blog\/wp-content\/uploads\/sites\/27\/2016\/02\/428425_344636025607448_1414408481_n.jpg 960w\" sizes=\"auto, (max-width: 300px) 100vw, 300px\" \/><p class=\"wp-caption-text\">Lena Woods arrive \u00e0 Ancenis en\u00a02012<\/p><\/div>\n<p>Nous sommes en plein pr\u00e9paratifs du <a href=\"https:\/\/www.camac-harps.com\/blog\/fr_blog\/page-daccueil\/harpes-au-max-1er-festival-international-de-harpes-en-pays-dancenis\/\">Festival Harpes au Max<\/a> \u00e0 Ancenis, et quelle belle surprise que de voir hier soir sur TF1 l\u2019une des artistes que nous avions justement accueillie sur la sc\u00e8ne du th\u00e9\u00e2tre \u00e0 Ancenis lors du festival organis\u00e9 pour notre 40<sup>e<\/sup> anniversaire !<\/p>\n<p>En effet, lors de l\u2019\u00e9mission The Voice, <a href=\"https:\/\/www.youtube.com\/user\/LenaWoodsharp\">Lena Woods<\/a> a interpr\u00e9t\u00e9 la chanson \u00ab Halo\u00a0\u00bb de Beyonc\u00e9,\u00a0accompagn\u00e9e de sa <a href=\"https:\/\/www.camac-harps.com\/blog\/fr\/harpes\/harpes-electriques\/dhc-blue-light-32\">DHC Blue Light<\/a>. Vous pouvez (re)d\u00e9couvrir sa prestation lors de ces 2<sup>e<\/sup>\u00a0auditions\u00a0\u00e0 l\u2019aveugle en replay sur le <a href=\"http:\/\/www.tf1.fr\/tf1\/the-voice\/videos\/harpe-electrique-lena-woods-fait-vibrer-halo-beyonce.html\">site de TF1<\/a>. Les quatre coachs (Florent Pagny, Mika, Zazie et Garou) se sont retourn\u00e9s et c\u2019est finalement au sein de l\u2019\u00e9quipe de Zazie que Lena poursuivra son aventure dans l\u2019\u00e9mission\u00a0! A suivre\u00a0!<\/p>\n","protected":false},"excerpt":{"rendered":"<p>Lors de l\u2019\u00e9mission The Voice, Lena Woods a interpr\u00e9t\u00e9 la chanson \u00ab Halo \u00bb de Beyonc\u00e9, accompagn\u00e9e de sa DHC Blue Light. Vous pouvez (re)d\u00e9couvrir sa prestation lors de ces 2e prestations \u00e0 l\u2019aveugle en replay sur le site de TF1.<\/p>\n","protected":false},"author":4,"featured_media":3819,"comment_status":"open","ping_status":"open","sticky":false,"template":"","format":"standard","meta":{"_acf_changed":false,"footnotes":""},"categories":[2],"tags":[],"class_list":["post-3890","post","type-post","status-publish","format-standard","has-post-thumbnail","hentry","category-non-classifiee"],"acf":[],"yoast_head":"<title>Lena Woods dans l&#039;\u00e9mission The Voice - Camac Harps<\/title>\n<meta name=\"robots\" content=\"index, follow, max-snippet:-1, max-image-preview:large, max-video-preview:-1\" \/>\n<link rel=\"canonical\" href=\"https:\/\/www.camac-harps.com\/blog\/fr\/non-classifiee\/lena-woods-dans-lemission-the-voice\/\" \/>\n<meta property=\"og:locale\" content=\"fr_FR\" \/>\n<meta property=\"og:type\" content=\"article\" \/>\n<meta property=\"og:title\" content=\"Lena Woods dans l&#039;\u00e9mission The Voice - Camac Harps\" \/>\n<meta property=\"og:description\" content=\"Lors de l\u2019\u00e9mission The Voice, Lena Woods a interpr\u00e9t\u00e9 la chanson \u00ab Halo \u00bb de Beyonc\u00e9, accompagn\u00e9e de sa DHC Blue Light. Vous pouvez (re)d\u00e9couvrir sa prestation lors de ces 2e prestations \u00e0 l\u2019aveugle en replay sur le site de TF1.\" \/>\n<meta property=\"og:url\" content=\"https:\/\/www.camac-harps.com\/blog\/fr\/non-classifiee\/lena-woods-dans-lemission-the-voice\/\" \/>\n<meta property=\"og:site_name\" content=\"Camac Harps\" \/>\n<meta property=\"article:published_time\" content=\"2016-02-07T12:43:53+00:00\" \/>\n<meta property=\"article:modified_time\" content=\"2017-06-15T08:30:22+00:00\" \/>\n<meta property=\"og:image\" content=\"https:\/\/www.camac-harps.com\/blog\/wp-content\/uploads\/sites\/27\/2016\/02\/428425_344636025607448_1414408481_n.jpg\" \/>\n\t<meta property=\"og:image:width\" content=\"960\" \/>\n\t<meta property=\"og:image:height\" content=\"640\" \/>\n\t<meta property=\"og:image:type\" content=\"image\/jpeg\" \/>\n<meta name=\"author\" content=\"annepostic\" \/>\n<meta name=\"twitter:card\" content=\"summary_large_image\" \/>\n<meta name=\"twitter:label1\" content=\"\u00c9crit par\" \/>\n\t<meta name=\"twitter:data1\" content=\"annepostic\" \/>\n\t<meta name=\"twitter:label2\" content=\"Dur\u00e9e de lecture estim\u00e9e\" \/>\n\t<meta name=\"twitter:data2\" content=\"1 minute\" \/>\n<script type=\"application\/ld+json\" class=\"yoast-schema-graph\">{\"@context\":\"https:\/\/schema.org\",\"@graph\":[{\"@type\":\"Article\",\"@id\":\"https:\/\/www.camac-harps.com\/blog\/fr\/non-classifiee\/lena-woods-dans-lemission-the-voice\/#article\",\"isPartOf\":{\"@id\":\"https:\/\/www.camac-harps.com\/blog\/fr\/non-classifiee\/lena-woods-dans-lemission-the-voice\/\"},\"author\":{\"name\":\"annepostic\",\"@id\":\"https:\/\/www.camac-harps.com\/blog\/fr\/#\/schema\/person\/006439874c4dce6ab44edd15aa1b241d\"},\"headline\":\"Lena Woods dans l&rsquo;\u00e9mission The Voice\",\"datePublished\":\"2016-02-07T12:43:53+00:00\",\"dateModified\":\"2017-06-15T08:30:22+00:00\",\"mainEntityOfPage\":{\"@id\":\"https:\/\/www.camac-harps.com\/blog\/fr\/non-classifiee\/lena-woods-dans-lemission-the-voice\/\"},\"wordCount\":147,\"commentCount\":0,\"image\":{\"@id\":\"https:\/\/www.camac-harps.com\/blog\/fr\/non-classifiee\/lena-woods-dans-lemission-the-voice\/#primaryimage\"},\"thumbnailUrl\":\"https:\/\/www.camac-harps.com\/blog\/wp-content\/uploads\/sites\/27\/2016\/02\/428425_344636025607448_1414408481_n.jpg\",\"articleSection\":[\"Non classifi\u00e9(e)\"],\"inLanguage\":\"fr-FR\",\"potentialAction\":[{\"@type\":\"CommentAction\",\"name\":\"Comment\",\"target\":[\"https:\/\/www.camac-harps.com\/blog\/fr\/non-classifiee\/lena-woods-dans-lemission-the-voice\/#respond\"]}]},{\"@type\":\"WebPage\",\"@id\":\"https:\/\/www.camac-harps.com\/blog\/fr\/non-classifiee\/lena-woods-dans-lemission-the-voice\/\",\"url\":\"https:\/\/www.camac-harps.com\/blog\/fr\/non-classifiee\/lena-woods-dans-lemission-the-voice\/\",\"name\":\"Lena Woods dans l'\u00e9mission The Voice - Camac Harps\",\"isPartOf\":{\"@id\":\"https:\/\/www.camac-harps.com\/blog\/fr\/#website\"},\"primaryImageOfPage\":{\"@id\":\"https:\/\/www.camac-harps.com\/blog\/fr\/non-classifiee\/lena-woods-dans-lemission-the-voice\/#primaryimage\"},\"image\":{\"@id\":\"https:\/\/www.camac-harps.com\/blog\/fr\/non-classifiee\/lena-woods-dans-lemission-the-voice\/#primaryimage\"},\"thumbnailUrl\":\"https:\/\/www.camac-harps.com\/blog\/wp-content\/uploads\/sites\/27\/2016\/02\/428425_344636025607448_1414408481_n.jpg\",\"datePublished\":\"2016-02-07T12:43:53+00:00\",\"dateModified\":\"2017-06-15T08:30:22+00:00\",\"author\":{\"@id\":\"https:\/\/www.camac-harps.com\/blog\/fr\/#\/schema\/person\/006439874c4dce6ab44edd15aa1b241d\"},\"breadcrumb\":{\"@id\":\"https:\/\/www.camac-harps.com\/blog\/fr\/non-classifiee\/lena-woods-dans-lemission-the-voice\/#breadcrumb\"},\"inLanguage\":\"fr-FR\",\"potentialAction\":[{\"@type\":\"ReadAction\",\"target\":[\"https:\/\/www.camac-harps.com\/blog\/fr\/non-classifiee\/lena-woods-dans-lemission-the-voice\/\"]}]},{\"@type\":\"ImageObject\",\"inLanguage\":\"fr-FR\",\"@id\":\"https:\/\/www.camac-harps.com\/blog\/fr\/non-classifiee\/lena-woods-dans-lemission-the-voice\/#primaryimage\",\"url\":\"https:\/\/www.camac-harps.com\/blog\/wp-content\/uploads\/sites\/27\/2016\/02\/428425_344636025607448_1414408481_n.jpg\",\"contentUrl\":\"https:\/\/www.camac-harps.com\/blog\/wp-content\/uploads\/sites\/27\/2016\/02\/428425_344636025607448_1414408481_n.jpg\",\"width\":960,\"height\":640,\"caption\":\"Lena Woods arrives in Ancenis 2012\"},{\"@type\":\"BreadcrumbList\",\"@id\":\"https:\/\/www.camac-harps.com\/blog\/fr\/non-classifiee\/lena-woods-dans-lemission-the-voice\/#breadcrumb\",\"itemListElement\":[{\"@type\":\"ListItem\",\"position\":1,\"name\":\"Home\",\"item\":\"https:\/\/www.camac-harps.com\/blog\/fr\/\"},{\"@type\":\"ListItem\",\"position\":2,\"name\":\"Lena Woods dans l&rsquo;\u00e9mission The Voice\"}]},{\"@type\":\"WebSite\",\"@id\":\"https:\/\/www.camac-harps.com\/blog\/fr\/#website\",\"url\":\"https:\/\/www.camac-harps.com\/blog\/fr\/\",\"name\":\"Camac Harps\",\"description\":\"\",\"potentialAction\":[{\"@type\":\"SearchAction\",\"target\":{\"@type\":\"EntryPoint\",\"urlTemplate\":\"https:\/\/www.camac-harps.com\/blog\/fr\/?s={search_term_string}\"},\"query-input\":{\"@type\":\"PropertyValueSpecification\",\"valueRequired\":true,\"valueName\":\"search_term_string\"}}],\"inLanguage\":\"fr-FR\"},{\"@type\":\"Person\",\"@id\":\"https:\/\/www.camac-harps.com\/blog\/fr\/#\/schema\/person\/006439874c4dce6ab44edd15aa1b241d\",\"name\":\"annepostic\",\"image\":{\"@type\":\"ImageObject\",\"inLanguage\":\"fr-FR\",\"@id\":\"https:\/\/www.camac-harps.com\/blog\/fr\/#\/schema\/person\/image\/\",\"url\":\"https:\/\/secure.gravatar.com\/avatar\/ffb0930ecc7ecc35a72994a73446bc976914d08653591c7e8e6fa15ce253d4ad?s=96&d=mm&r=g\",\"contentUrl\":\"https:\/\/secure.gravatar.com\/avatar\/ffb0930ecc7ecc35a72994a73446bc976914d08653591c7e8e6fa15ce253d4ad?s=96&d=mm&r=g\",\"caption\":\"annepostic\"},\"url\":\"https:\/\/www.camac-harps.com\/blog\/fr\/author\/annepostic\/\"}]}<\/script>","yoast_head_json":{"title":"Lena Woods dans l'\u00e9mission The Voice - Camac Harps","robots":{"index":"index","follow":"follow","max-snippet":"max-snippet:-1","max-image-preview":"max-image-preview:large","max-video-preview":"max-video-preview:-1"},"canonical":"https:\/\/www.camac-harps.com\/blog\/fr\/non-classifiee\/lena-woods-dans-lemission-the-voice\/","og_locale":"fr_FR","og_type":"article","og_title":"Lena Woods dans l'\u00e9mission The Voice - Camac Harps","og_description":"Lors de l\u2019\u00e9mission The Voice, Lena Woods a interpr\u00e9t\u00e9 la chanson \u00ab Halo \u00bb de Beyonc\u00e9, accompagn\u00e9e de sa DHC Blue Light. Vous pouvez (re)d\u00e9couvrir sa prestation lors de ces 2e prestations \u00e0 l\u2019aveugle en replay sur le site de TF1.","og_url":"https:\/\/www.camac-harps.com\/blog\/fr\/non-classifiee\/lena-woods-dans-lemission-the-voice\/","og_site_name":"Camac Harps","article_published_time":"2016-02-07T12:43:53+00:00","article_modified_time":"2017-06-15T08:30:22+00:00","og_image":[{"width":960,"height":640,"url":"https:\/\/www.camac-harps.com\/blog\/wp-content\/uploads\/sites\/27\/2016\/02\/428425_344636025607448_1414408481_n.jpg","type":"image\/jpeg"}],"author":"annepostic","twitter_card":"summary_large_image","twitter_misc":{"\u00c9crit par":"annepostic","Dur\u00e9e de lecture estim\u00e9e":"1 minute"},"schema":{"@context":"https:\/\/schema.org","@graph":[{"@type":"Article","@id":"https:\/\/www.camac-harps.com\/blog\/fr\/non-classifiee\/lena-woods-dans-lemission-the-voice\/#article","isPartOf":{"@id":"https:\/\/www.camac-harps.com\/blog\/fr\/non-classifiee\/lena-woods-dans-lemission-the-voice\/"},"author":{"name":"annepostic","@id":"https:\/\/www.camac-harps.com\/blog\/fr\/#\/schema\/person\/006439874c4dce6ab44edd15aa1b241d"},"headline":"Lena Woods dans l&rsquo;\u00e9mission The Voice","datePublished":"2016-02-07T12:43:53+00:00","dateModified":"2017-06-15T08:30:22+00:00","mainEntityOfPage":{"@id":"https:\/\/www.camac-harps.com\/blog\/fr\/non-classifiee\/lena-woods-dans-lemission-the-voice\/"},"wordCount":147,"commentCount":0,"image":{"@id":"https:\/\/www.camac-harps.com\/blog\/fr\/non-classifiee\/lena-woods-dans-lemission-the-voice\/#primaryimage"},"thumbnailUrl":"https:\/\/www.camac-harps.com\/blog\/wp-content\/uploads\/sites\/27\/2016\/02\/428425_344636025607448_1414408481_n.jpg","articleSection":["Non classifi\u00e9(e)"],"inLanguage":"fr-FR","potentialAction":[{"@type":"CommentAction","name":"Comment","target":["https:\/\/www.camac-harps.com\/blog\/fr\/non-classifiee\/lena-woods-dans-lemission-the-voice\/#respond"]}]},{"@type":"WebPage","@id":"https:\/\/www.camac-harps.com\/blog\/fr\/non-classifiee\/lena-woods-dans-lemission-the-voice\/","url":"https:\/\/www.camac-harps.com\/blog\/fr\/non-classifiee\/lena-woods-dans-lemission-the-voice\/","name":"Lena Woods dans l'\u00e9mission The Voice - Camac Harps","isPartOf":{"@id":"https:\/\/www.camac-harps.com\/blog\/fr\/#website"},"primaryImageOfPage":{"@id":"https:\/\/www.camac-harps.com\/blog\/fr\/non-classifiee\/lena-woods-dans-lemission-the-voice\/#primaryimage"},"image":{"@id":"https:\/\/www.camac-harps.com\/blog\/fr\/non-classifiee\/lena-woods-dans-lemission-the-voice\/#primaryimage"},"thumbnailUrl":"https:\/\/www.camac-harps.com\/blog\/wp-content\/uploads\/sites\/27\/2016\/02\/428425_344636025607448_1414408481_n.jpg","datePublished":"2016-02-07T12:43:53+00:00","dateModified":"2017-06-15T08:30:22+00:00","author":{"@id":"https:\/\/www.camac-harps.com\/blog\/fr\/#\/schema\/person\/006439874c4dce6ab44edd15aa1b241d"},"breadcrumb":{"@id":"https:\/\/www.camac-harps.com\/blog\/fr\/non-classifiee\/lena-woods-dans-lemission-the-voice\/#breadcrumb"},"inLanguage":"fr-FR","potentialAction":[{"@type":"ReadAction","target":["https:\/\/www.camac-harps.com\/blog\/fr\/non-classifiee\/lena-woods-dans-lemission-the-voice\/"]}]},{"@type":"ImageObject","inLanguage":"fr-FR","@id":"https:\/\/www.camac-harps.com\/blog\/fr\/non-classifiee\/lena-woods-dans-lemission-the-voice\/#primaryimage","url":"https:\/\/www.camac-harps.com\/blog\/wp-content\/uploads\/sites\/27\/2016\/02\/428425_344636025607448_1414408481_n.jpg","contentUrl":"https:\/\/www.camac-harps.com\/blog\/wp-content\/uploads\/sites\/27\/2016\/02\/428425_344636025607448_1414408481_n.jpg","width":960,"height":640,"caption":"Lena Woods arrives in Ancenis 2012"},{"@type":"BreadcrumbList","@id":"https:\/\/www.camac-harps.com\/blog\/fr\/non-classifiee\/lena-woods-dans-lemission-the-voice\/#breadcrumb","itemListElement":[{"@type":"ListItem","position":1,"name":"Home","item":"https:\/\/www.camac-harps.com\/blog\/fr\/"},{"@type":"ListItem","position":2,"name":"Lena Woods dans l&rsquo;\u00e9mission The Voice"}]},{"@type":"WebSite","@id":"https:\/\/www.camac-harps.com\/blog\/fr\/#website","url":"https:\/\/www.camac-harps.com\/blog\/fr\/","name":"Camac Harps","description":"","potentialAction":[{"@type":"SearchAction","target":{"@type":"EntryPoint","urlTemplate":"https:\/\/www.camac-harps.com\/blog\/fr\/?s={search_term_string}"},"query-input":{"@type":"PropertyValueSpecification","valueRequired":true,"valueName":"search_term_string"}}],"inLanguage":"fr-FR"},{"@type":"Person","@id":"https:\/\/www.camac-harps.com\/blog\/fr\/#\/schema\/person\/006439874c4dce6ab44edd15aa1b241d","name":"annepostic","image":{"@type":"ImageObject","inLanguage":"fr-FR","@id":"https:\/\/www.camac-harps.com\/blog\/fr\/#\/schema\/person\/image\/","url":"https:\/\/secure.gravatar.com\/avatar\/ffb0930ecc7ecc35a72994a73446bc976914d08653591c7e8e6fa15ce253d4ad?s=96&d=mm&r=g","contentUrl":"https:\/\/secure.gravatar.com\/avatar\/ffb0930ecc7ecc35a72994a73446bc976914d08653591c7e8e6fa15ce253d4ad?s=96&d=mm&r=g","caption":"annepostic"},"url":"https:\/\/www.camac-harps.com\/blog\/fr\/author\/annepostic\/"}]}},"_links":{"self":[{"href":"https:\/\/www.camac-harps.com\/blog\/fr\/wp-json\/wp\/v2\/posts\/3890","targetHints":{"allow":["GET"]}}],"collection":[{"href":"https:\/\/www.camac-harps.com\/blog\/fr\/wp-json\/wp\/v2\/posts"}],"about":[{"href":"https:\/\/www.camac-harps.com\/blog\/fr\/wp-json\/wp\/v2\/types\/post"}],"author":[{"embeddable":true,"href":"https:\/\/www.camac-harps.com\/blog\/fr\/wp-json\/wp\/v2\/users\/4"}],"replies":[{"embeddable":true,"href":"https:\/\/www.camac-harps.com\/blog\/fr\/wp-json\/wp\/v2\/comments?post=3890"}],"version-history":[{"count":1,"href":"https:\/\/www.camac-harps.com\/blog\/fr\/wp-json\/wp\/v2\/posts\/3890\/revisions"}],"predecessor-version":[{"id":20041,"href":"https:\/\/www.camac-harps.com\/blog\/fr\/wp-json\/wp\/v2\/posts\/3890\/revisions\/20041"}],"wp:featuredmedia":[{"embeddable":true,"href":"https:\/\/www.camac-harps.com\/blog\/fr\/wp-json\/wp\/v2\/media\/3819"}],"wp:attachment":[{"href":"https:\/\/www.camac-harps.com\/blog\/fr\/wp-json\/wp\/v2\/media?parent=3890"}],"wp:term":[{"taxonomy":"category","embeddable":true,"href":"https:\/\/www.camac-harps.com\/blog\/fr\/wp-json\/wp\/v2\/categories?post=3890"},{"taxonomy":"post_tag","embeddable":true,"href":"https:\/\/www.camac-harps.com\/blog\/fr\/wp-json\/wp\/v2\/tags?post=3890"}],"curies":[{"name":"wp","href":"https:\/\/api.w.org\/{rel}","templated":true}]}}