{"id":3991,"date":"2016-02-25T12:07:55","date_gmt":"2016-02-25T12:07:55","guid":{"rendered":"http:\/\/www.harpblog.info\/?p=3991"},"modified":"2017-06-29T09:54:30","modified_gmt":"2017-06-29T09:54:30","slug":"concours-francais-de-la-harpe-limoges-resultats","status":"publish","type":"post","link":"https:\/\/www.camac-harps.com\/blog\/fr\/non-classifiee\/concours-francais-de-la-harpe-limoges-resultats\/","title":{"rendered":"Concours Fran\u00e7ais de la Harpe, Limoges &#8211; R\u00e9sultats !"},"content":{"rendered":"<div id=\"attachment_3987\" class=\"wp-caption alignleft\" style=\"width: 225px\"><a href=\"https:\/\/www.camac-harps.com\/wp-content\/uploads\/sites\/27\/2016\/02\/img_3112-1.jpg\" rel=\"attachment wp-att-3987\"><img loading=\"lazy\" decoding=\"async\" class=\"size-medium wp-image-3987\" src=\"https:\/\/www.camac-harps.com\/wp-content\/uploads\/sites\/27\/2016\/02\/img_3112-1-225x300.jpg\" alt=\"Michelle Sweegers, Jakez Fran\u00e7ois\" width=\"225\" height=\"300\" srcset=\"https:\/\/www.camac-harps.com\/blog\/wp-content\/uploads\/sites\/27\/2016\/02\/img_3112-1-225x300.jpg 225w, https:\/\/www.camac-harps.com\/blog\/wp-content\/uploads\/sites\/27\/2016\/02\/img_3112-1-300x400.jpg 300w, https:\/\/www.camac-harps.com\/blog\/wp-content\/uploads\/sites\/27\/2016\/02\/img_3112-1-55x73.jpg 55w, https:\/\/www.camac-harps.com\/blog\/wp-content\/uploads\/sites\/27\/2016\/02\/img_3112-1-250x333.jpg 250w, https:\/\/www.camac-harps.com\/blog\/wp-content\/uploads\/sites\/27\/2016\/02\/img_3112-1.jpg 650w\" sizes=\"auto, (max-width: 225px) 100vw, 225px\" \/><\/a><p class=\"wp-caption-text\">Michelle Sweegers, 1er prix \u00e0 l&rsquo;unanimit\u00e9 de la cat\u00e9gorie \u00ab\u00a0Sup\u00e9rieur\u00a0\u00bb, en compagnie de\u00a0Jakez Fran\u00e7ois<\/p><\/div>\n<p>Un grand bravo aux tr\u00e8s nombreux candidats qui ont particip\u00e9\u00a0au\u00a0<a href=\"https:\/\/sites.google.com\/site\/concoursfrancaisdelaharpe\/home\" target=\"_blank\">Concours Fran\u00e7ais de la Harpe<\/a>, \u00e0 Limoges le\u00a0weekend dernier ! Les r\u00e9sultats sont disponibles sur cette\u00a0<a href=\"https:\/\/sites.google.com\/site\/concoursfrancaisdelaharpe\/resultats-2016\" target=\"_blank\">page<\/a>.<\/p>\n<p>Le\u00a0Concours Fran\u00e7ais a \u00e9t\u00e9 cr\u00e9\u00e9 par\u00a0Marie-Monique Popesco et\u00a0V\u00e9ronique Chenuet. Elles souhaitaient offrir aux harpistes l&rsquo;opportunit\u00e9 de participer \u00e0 un concours quel que soit leur niveau ou le type de harpe jou\u00e9e. Ce concours propose donc des cat\u00e9gories par niveau allant des\u00a0d\u00e9butants aux jeunes professionnels, et des cat\u00e9gories ouvertes aux harpes celtiques et\/ou aux harpes classiques. Depuis sa cr\u00e9ation, le Concours Fran\u00e7ais de la Harpe attire un grand nombre de candidats : 113 harpistes ont ainsi particip\u00e9 \u00e0 la toute premi\u00e8re \u00e9dition, et ce chiffre ne cesse d&rsquo;augmenter d&rsquo;ann\u00e9e en ann\u00e9e. Pour cette 7e \u00e9dition, les candidats avaient fait le d\u00e9placement de toute la France, mais aussi d&rsquo;Italie, d&rsquo;Espagne, du Portugal, d&rsquo;Allemagne, de Belgique, de Slov\u00e9nie, de Russie et m\u00eame de Chine.<\/p>\n<p>Tous ont eu la chance de jouer devant un jury de musiciens tr\u00e8s r\u00e9put\u00e9s : Alain Voirpy, Anne Le Roy-Petit, Isabelle Marie, Sylvain Blassel, V\u00e9ronique Chenuet et Sophie Hallynck. Ce concours se caract\u00e9rise \u00e9galement par le soin et l&rsquo;attention apport\u00e9s au bien-\u00eatre des candidats.<\/p>\n<div id=\"attachment_3985\" class=\"wp-caption alignright\" style=\"width: 300px\"><a href=\"https:\/\/www.camac-harps.com\/wp-content\/uploads\/sites\/27\/2016\/02\/12733444_10208751040273825_2138562066357091002_n.jpg\" rel=\"attachment wp-att-3985\"><img loading=\"lazy\" decoding=\"async\" class=\"size-medium wp-image-3985\" src=\"https:\/\/www.camac-harps.com\/wp-content\/uploads\/sites\/27\/2016\/02\/12733444_10208751040273825_2138562066357091002_n-300x139.jpg\" alt=\"Elisabeth Fontane-Binoche\" width=\"300\" height=\"139\" srcset=\"https:\/\/www.camac-harps.com\/blog\/wp-content\/uploads\/sites\/27\/2016\/02\/12733444_10208751040273825_2138562066357091002_n-300x139.jpg 300w, https:\/\/www.camac-harps.com\/blog\/wp-content\/uploads\/sites\/27\/2016\/02\/12733444_10208751040273825_2138562066357091002_n-55x25.jpg 55w, https:\/\/www.camac-harps.com\/blog\/wp-content\/uploads\/sites\/27\/2016\/02\/12733444_10208751040273825_2138562066357091002_n-250x116.jpg 250w, https:\/\/www.camac-harps.com\/blog\/wp-content\/uploads\/sites\/27\/2016\/02\/12733444_10208751040273825_2138562066357091002_n.jpg 535w\" sizes=\"auto, (max-width: 300px) 100vw, 300px\" \/><\/a><p class=\"wp-caption-text\">Elisabeth Fontane-Binoche, \u00e0 la fin de\u00a0son r\u00e9cital au\u00a0Concours Fran\u00e7ais de la Harpe 2016<\/p><\/div>\n<p>Les concours sont des moments suffisamment d\u00e9licats et stressants dans la vie d&rsquo;un jeune musicien\u00a0pour qu&rsquo;il ait \u00e0 se pr\u00e9occuper de soucis logistiques, et c&rsquo;est pourquoi nous saluons tout particuli\u00e8rement l&rsquo;attention apport\u00e9e aux d\u00e9tails \u00e0 Limoges : l&rsquo;accueil tr\u00e8s chaleureux, la mise \u00e0 disposition et le transport des instruments pour les candidats. \u00ab\u00a0Depuis le d\u00e9but de ce concours, nous avons toujours eu \u00e0 c\u0153ur de mettre les candidats dans de bonnes conditions\u00a0\u00bb, explique V\u00e9ronique Chenuet, \u00ab\u00a0comme s&rsquo;il s&rsquo;agissait de nos propres \u00e9l\u00e8ves, ou de nous-m\u00eames.\u00a0\u00bb<\/p>\n","protected":false},"excerpt":{"rendered":"<p>Plus de 150 candidats ont particip\u00e9 \u00e0 l&rsquo;\u00e9dition 2016 du Concours Fran\u00e7ais de la Harpe. Bravo \u00e0 chacun d&rsquo;entre eux !<\/p>\n","protected":false},"author":3,"featured_media":3983,"comment_status":"open","ping_status":"open","sticky":false,"template":"","format":"standard","meta":{"_acf_changed":false,"footnotes":""},"categories":[],"tags":[],"class_list":["post-3991","post","type-post","status-publish","format-standard","has-post-thumbnail","hentry"],"acf":[],"yoast_head":"<title>Concours Fran\u00e7ais de la Harpe, Limoges - R\u00e9sultats ! - Camac Harps<\/title>\n<meta name=\"robots\" content=\"index, follow, max-snippet:-1, max-image-preview:large, max-video-preview:-1\" \/>\n<link rel=\"canonical\" href=\"https:\/\/www.camac-harps.com\/blog\/fr\/non-classifiee\/concours-francais-de-la-harpe-limoges-resultats\/\" \/>\n<meta property=\"og:locale\" content=\"fr_FR\" \/>\n<meta property=\"og:type\" content=\"article\" \/>\n<meta property=\"og:title\" content=\"Concours Fran\u00e7ais de la Harpe, Limoges - R\u00e9sultats ! - Camac Harps\" \/>\n<meta property=\"og:description\" content=\"Plus de 150 candidats ont particip\u00e9 \u00e0 l&#039;\u00e9dition 2016 du Concours Fran\u00e7ais de la Harpe. Bravo \u00e0 chacun d&#039;entre eux !\" \/>\n<meta property=\"og:url\" content=\"https:\/\/www.camac-harps.com\/blog\/fr\/non-classifiee\/concours-francais-de-la-harpe-limoges-resultats\/\" \/>\n<meta property=\"og:site_name\" content=\"Camac Harps\" \/>\n<meta property=\"article:published_time\" content=\"2016-02-25T12:07:55+00:00\" \/>\n<meta property=\"article:modified_time\" content=\"2017-06-29T09:54:30+00:00\" \/>\n<meta property=\"og:image\" content=\"https:\/\/www.camac-harps.com\/blog\/wp-content\/uploads\/sites\/27\/2016\/02\/img_0786-1.jpg\" \/>\n\t<meta property=\"og:image:width\" content=\"950\" \/>\n\t<meta property=\"og:image:height\" content=\"950\" \/>\n\t<meta property=\"og:image:type\" content=\"image\/jpeg\" \/>\n<meta name=\"author\" content=\"Helen Leitner\" \/>\n<meta name=\"twitter:card\" content=\"summary_large_image\" \/>\n<meta name=\"twitter:label1\" content=\"\u00c9crit par\" \/>\n\t<meta name=\"twitter:data1\" content=\"Helen Leitner\" \/>\n\t<meta name=\"twitter:label2\" content=\"Dur\u00e9e de lecture estim\u00e9e\" \/>\n\t<meta name=\"twitter:data2\" content=\"2 minutes\" \/>\n<script type=\"application\/ld+json\" class=\"yoast-schema-graph\">{\"@context\":\"https:\/\/schema.org\",\"@graph\":[{\"@type\":\"Article\",\"@id\":\"https:\/\/www.camac-harps.com\/blog\/fr\/non-classifiee\/concours-francais-de-la-harpe-limoges-resultats\/#article\",\"isPartOf\":{\"@id\":\"https:\/\/www.camac-harps.com\/blog\/fr\/non-classifiee\/concours-francais-de-la-harpe-limoges-resultats\/\"},\"author\":{\"name\":\"Helen Leitner\",\"@id\":\"https:\/\/www.camac-harps.com\/blog\/fr\/#\/schema\/person\/59b9e6843c0338179fb914afaf144d22\"},\"headline\":\"Concours Fran\u00e7ais de la Harpe, Limoges &#8211; R\u00e9sultats !\",\"datePublished\":\"2016-02-25T12:07:55+00:00\",\"dateModified\":\"2017-06-29T09:54:30+00:00\",\"mainEntityOfPage\":{\"@id\":\"https:\/\/www.camac-harps.com\/blog\/fr\/non-classifiee\/concours-francais-de-la-harpe-limoges-resultats\/\"},\"wordCount\":379,\"commentCount\":0,\"image\":{\"@id\":\"https:\/\/www.camac-harps.com\/blog\/fr\/non-classifiee\/concours-francais-de-la-harpe-limoges-resultats\/#primaryimage\"},\"thumbnailUrl\":\"https:\/\/www.camac-harps.com\/blog\/wp-content\/uploads\/sites\/27\/2016\/02\/img_0786-1.jpg\",\"inLanguage\":\"fr-FR\",\"potentialAction\":[{\"@type\":\"CommentAction\",\"name\":\"Comment\",\"target\":[\"https:\/\/www.camac-harps.com\/blog\/fr\/non-classifiee\/concours-francais-de-la-harpe-limoges-resultats\/#respond\"]}]},{\"@type\":\"WebPage\",\"@id\":\"https:\/\/www.camac-harps.com\/blog\/fr\/non-classifiee\/concours-francais-de-la-harpe-limoges-resultats\/\",\"url\":\"https:\/\/www.camac-harps.com\/blog\/fr\/non-classifiee\/concours-francais-de-la-harpe-limoges-resultats\/\",\"name\":\"Concours Fran\u00e7ais de la Harpe, Limoges - R\u00e9sultats ! - Camac Harps\",\"isPartOf\":{\"@id\":\"https:\/\/www.camac-harps.com\/blog\/fr\/#website\"},\"primaryImageOfPage\":{\"@id\":\"https:\/\/www.camac-harps.com\/blog\/fr\/non-classifiee\/concours-francais-de-la-harpe-limoges-resultats\/#primaryimage\"},\"image\":{\"@id\":\"https:\/\/www.camac-harps.com\/blog\/fr\/non-classifiee\/concours-francais-de-la-harpe-limoges-resultats\/#primaryimage\"},\"thumbnailUrl\":\"https:\/\/www.camac-harps.com\/blog\/wp-content\/uploads\/sites\/27\/2016\/02\/img_0786-1.jpg\",\"datePublished\":\"2016-02-25T12:07:55+00:00\",\"dateModified\":\"2017-06-29T09:54:30+00:00\",\"author\":{\"@id\":\"https:\/\/www.camac-harps.com\/blog\/fr\/#\/schema\/person\/59b9e6843c0338179fb914afaf144d22\"},\"breadcrumb\":{\"@id\":\"https:\/\/www.camac-harps.com\/blog\/fr\/non-classifiee\/concours-francais-de-la-harpe-limoges-resultats\/#breadcrumb\"},\"inLanguage\":\"fr-FR\",\"potentialAction\":[{\"@type\":\"ReadAction\",\"target\":[\"https:\/\/www.camac-harps.com\/blog\/fr\/non-classifiee\/concours-francais-de-la-harpe-limoges-resultats\/\"]}]},{\"@type\":\"ImageObject\",\"inLanguage\":\"fr-FR\",\"@id\":\"https:\/\/www.camac-harps.com\/blog\/fr\/non-classifiee\/concours-francais-de-la-harpe-limoges-resultats\/#primaryimage\",\"url\":\"https:\/\/www.camac-harps.com\/blog\/wp-content\/uploads\/sites\/27\/2016\/02\/img_0786-1.jpg\",\"contentUrl\":\"https:\/\/www.camac-harps.com\/blog\/wp-content\/uploads\/sites\/27\/2016\/02\/img_0786-1.jpg\",\"width\":950,\"height\":950,\"caption\":\"Concours Fran\u00e7ais 2016\"},{\"@type\":\"BreadcrumbList\",\"@id\":\"https:\/\/www.camac-harps.com\/blog\/fr\/non-classifiee\/concours-francais-de-la-harpe-limoges-resultats\/#breadcrumb\",\"itemListElement\":[{\"@type\":\"ListItem\",\"position\":1,\"name\":\"Home\",\"item\":\"https:\/\/www.camac-harps.com\/blog\/fr\/\"},{\"@type\":\"ListItem\",\"position\":2,\"name\":\"Concours Fran\u00e7ais de la Harpe, Limoges &#8211; R\u00e9sultats !\"}]},{\"@type\":\"WebSite\",\"@id\":\"https:\/\/www.camac-harps.com\/blog\/fr\/#website\",\"url\":\"https:\/\/www.camac-harps.com\/blog\/fr\/\",\"name\":\"Camac Harps\",\"description\":\"\",\"potentialAction\":[{\"@type\":\"SearchAction\",\"target\":{\"@type\":\"EntryPoint\",\"urlTemplate\":\"https:\/\/www.camac-harps.com\/blog\/fr\/?s={search_term_string}\"},\"query-input\":{\"@type\":\"PropertyValueSpecification\",\"valueRequired\":true,\"valueName\":\"search_term_string\"}}],\"inLanguage\":\"fr-FR\"},{\"@type\":\"Person\",\"@id\":\"https:\/\/www.camac-harps.com\/blog\/fr\/#\/schema\/person\/59b9e6843c0338179fb914afaf144d22\",\"name\":\"Helen Leitner\",\"image\":{\"@type\":\"ImageObject\",\"inLanguage\":\"fr-FR\",\"@id\":\"https:\/\/www.camac-harps.com\/blog\/fr\/#\/schema\/person\/image\/\",\"url\":\"https:\/\/secure.gravatar.com\/avatar\/ebbebff931219cff4c2d1e25c3229b2e036693f67bf237fb12f452d7a019a6da?s=96&d=mm&r=g\",\"contentUrl\":\"https:\/\/secure.gravatar.com\/avatar\/ebbebff931219cff4c2d1e25c3229b2e036693f67bf237fb12f452d7a019a6da?s=96&d=mm&r=g\",\"caption\":\"Helen Leitner\"},\"url\":\"https:\/\/www.camac-harps.com\/blog\/fr\/author\/ltnr\/\"}]}<\/script>","yoast_head_json":{"title":"Concours Fran\u00e7ais de la Harpe, Limoges - R\u00e9sultats ! - Camac Harps","robots":{"index":"index","follow":"follow","max-snippet":"max-snippet:-1","max-image-preview":"max-image-preview:large","max-video-preview":"max-video-preview:-1"},"canonical":"https:\/\/www.camac-harps.com\/blog\/fr\/non-classifiee\/concours-francais-de-la-harpe-limoges-resultats\/","og_locale":"fr_FR","og_type":"article","og_title":"Concours Fran\u00e7ais de la Harpe, Limoges - R\u00e9sultats ! - Camac Harps","og_description":"Plus de 150 candidats ont particip\u00e9 \u00e0 l'\u00e9dition 2016 du Concours Fran\u00e7ais de la Harpe. Bravo \u00e0 chacun d'entre eux !","og_url":"https:\/\/www.camac-harps.com\/blog\/fr\/non-classifiee\/concours-francais-de-la-harpe-limoges-resultats\/","og_site_name":"Camac Harps","article_published_time":"2016-02-25T12:07:55+00:00","article_modified_time":"2017-06-29T09:54:30+00:00","og_image":[{"width":950,"height":950,"url":"https:\/\/www.camac-harps.com\/blog\/wp-content\/uploads\/sites\/27\/2016\/02\/img_0786-1.jpg","type":"image\/jpeg"}],"author":"Helen Leitner","twitter_card":"summary_large_image","twitter_misc":{"\u00c9crit par":"Helen Leitner","Dur\u00e9e de lecture estim\u00e9e":"2 minutes"},"schema":{"@context":"https:\/\/schema.org","@graph":[{"@type":"Article","@id":"https:\/\/www.camac-harps.com\/blog\/fr\/non-classifiee\/concours-francais-de-la-harpe-limoges-resultats\/#article","isPartOf":{"@id":"https:\/\/www.camac-harps.com\/blog\/fr\/non-classifiee\/concours-francais-de-la-harpe-limoges-resultats\/"},"author":{"name":"Helen Leitner","@id":"https:\/\/www.camac-harps.com\/blog\/fr\/#\/schema\/person\/59b9e6843c0338179fb914afaf144d22"},"headline":"Concours Fran\u00e7ais de la Harpe, Limoges &#8211; R\u00e9sultats !","datePublished":"2016-02-25T12:07:55+00:00","dateModified":"2017-06-29T09:54:30+00:00","mainEntityOfPage":{"@id":"https:\/\/www.camac-harps.com\/blog\/fr\/non-classifiee\/concours-francais-de-la-harpe-limoges-resultats\/"},"wordCount":379,"commentCount":0,"image":{"@id":"https:\/\/www.camac-harps.com\/blog\/fr\/non-classifiee\/concours-francais-de-la-harpe-limoges-resultats\/#primaryimage"},"thumbnailUrl":"https:\/\/www.camac-harps.com\/blog\/wp-content\/uploads\/sites\/27\/2016\/02\/img_0786-1.jpg","inLanguage":"fr-FR","potentialAction":[{"@type":"CommentAction","name":"Comment","target":["https:\/\/www.camac-harps.com\/blog\/fr\/non-classifiee\/concours-francais-de-la-harpe-limoges-resultats\/#respond"]}]},{"@type":"WebPage","@id":"https:\/\/www.camac-harps.com\/blog\/fr\/non-classifiee\/concours-francais-de-la-harpe-limoges-resultats\/","url":"https:\/\/www.camac-harps.com\/blog\/fr\/non-classifiee\/concours-francais-de-la-harpe-limoges-resultats\/","name":"Concours Fran\u00e7ais de la Harpe, Limoges - R\u00e9sultats ! - Camac Harps","isPartOf":{"@id":"https:\/\/www.camac-harps.com\/blog\/fr\/#website"},"primaryImageOfPage":{"@id":"https:\/\/www.camac-harps.com\/blog\/fr\/non-classifiee\/concours-francais-de-la-harpe-limoges-resultats\/#primaryimage"},"image":{"@id":"https:\/\/www.camac-harps.com\/blog\/fr\/non-classifiee\/concours-francais-de-la-harpe-limoges-resultats\/#primaryimage"},"thumbnailUrl":"https:\/\/www.camac-harps.com\/blog\/wp-content\/uploads\/sites\/27\/2016\/02\/img_0786-1.jpg","datePublished":"2016-02-25T12:07:55+00:00","dateModified":"2017-06-29T09:54:30+00:00","author":{"@id":"https:\/\/www.camac-harps.com\/blog\/fr\/#\/schema\/person\/59b9e6843c0338179fb914afaf144d22"},"breadcrumb":{"@id":"https:\/\/www.camac-harps.com\/blog\/fr\/non-classifiee\/concours-francais-de-la-harpe-limoges-resultats\/#breadcrumb"},"inLanguage":"fr-FR","potentialAction":[{"@type":"ReadAction","target":["https:\/\/www.camac-harps.com\/blog\/fr\/non-classifiee\/concours-francais-de-la-harpe-limoges-resultats\/"]}]},{"@type":"ImageObject","inLanguage":"fr-FR","@id":"https:\/\/www.camac-harps.com\/blog\/fr\/non-classifiee\/concours-francais-de-la-harpe-limoges-resultats\/#primaryimage","url":"https:\/\/www.camac-harps.com\/blog\/wp-content\/uploads\/sites\/27\/2016\/02\/img_0786-1.jpg","contentUrl":"https:\/\/www.camac-harps.com\/blog\/wp-content\/uploads\/sites\/27\/2016\/02\/img_0786-1.jpg","width":950,"height":950,"caption":"Concours Fran\u00e7ais 2016"},{"@type":"BreadcrumbList","@id":"https:\/\/www.camac-harps.com\/blog\/fr\/non-classifiee\/concours-francais-de-la-harpe-limoges-resultats\/#breadcrumb","itemListElement":[{"@type":"ListItem","position":1,"name":"Home","item":"https:\/\/www.camac-harps.com\/blog\/fr\/"},{"@type":"ListItem","position":2,"name":"Concours Fran\u00e7ais de la Harpe, Limoges &#8211; R\u00e9sultats !"}]},{"@type":"WebSite","@id":"https:\/\/www.camac-harps.com\/blog\/fr\/#website","url":"https:\/\/www.camac-harps.com\/blog\/fr\/","name":"Camac Harps","description":"","potentialAction":[{"@type":"SearchAction","target":{"@type":"EntryPoint","urlTemplate":"https:\/\/www.camac-harps.com\/blog\/fr\/?s={search_term_string}"},"query-input":{"@type":"PropertyValueSpecification","valueRequired":true,"valueName":"search_term_string"}}],"inLanguage":"fr-FR"},{"@type":"Person","@id":"https:\/\/www.camac-harps.com\/blog\/fr\/#\/schema\/person\/59b9e6843c0338179fb914afaf144d22","name":"Helen Leitner","image":{"@type":"ImageObject","inLanguage":"fr-FR","@id":"https:\/\/www.camac-harps.com\/blog\/fr\/#\/schema\/person\/image\/","url":"https:\/\/secure.gravatar.com\/avatar\/ebbebff931219cff4c2d1e25c3229b2e036693f67bf237fb12f452d7a019a6da?s=96&d=mm&r=g","contentUrl":"https:\/\/secure.gravatar.com\/avatar\/ebbebff931219cff4c2d1e25c3229b2e036693f67bf237fb12f452d7a019a6da?s=96&d=mm&r=g","caption":"Helen Leitner"},"url":"https:\/\/www.camac-harps.com\/blog\/fr\/author\/ltnr\/"}]}},"_links":{"self":[{"href":"https:\/\/www.camac-harps.com\/blog\/fr\/wp-json\/wp\/v2\/posts\/3991","targetHints":{"allow":["GET"]}}],"collection":[{"href":"https:\/\/www.camac-harps.com\/blog\/fr\/wp-json\/wp\/v2\/posts"}],"about":[{"href":"https:\/\/www.camac-harps.com\/blog\/fr\/wp-json\/wp\/v2\/types\/post"}],"author":[{"embeddable":true,"href":"https:\/\/www.camac-harps.com\/blog\/fr\/wp-json\/wp\/v2\/users\/3"}],"replies":[{"embeddable":true,"href":"https:\/\/www.camac-harps.com\/blog\/fr\/wp-json\/wp\/v2\/comments?post=3991"}],"version-history":[{"count":3,"href":"https:\/\/www.camac-harps.com\/blog\/fr\/wp-json\/wp\/v2\/posts\/3991\/revisions"}],"predecessor-version":[{"id":20556,"href":"https:\/\/www.camac-harps.com\/blog\/fr\/wp-json\/wp\/v2\/posts\/3991\/revisions\/20556"}],"wp:featuredmedia":[{"embeddable":true,"href":"https:\/\/www.camac-harps.com\/blog\/fr\/wp-json\/wp\/v2\/media\/3983"}],"wp:attachment":[{"href":"https:\/\/www.camac-harps.com\/blog\/fr\/wp-json\/wp\/v2\/media?parent=3991"}],"wp:term":[{"taxonomy":"category","embeddable":true,"href":"https:\/\/www.camac-harps.com\/blog\/fr\/wp-json\/wp\/v2\/categories?post=3991"},{"taxonomy":"post_tag","embeddable":true,"href":"https:\/\/www.camac-harps.com\/blog\/fr\/wp-json\/wp\/v2\/tags?post=3991"}],"curies":[{"name":"wp","href":"https:\/\/api.w.org\/{rel}","templated":true}]}}