{"id":4555,"date":"2016-06-03T09:05:03","date_gmt":"2016-06-03T09:05:03","guid":{"rendered":"http:\/\/www.harpblog.info\/?p=4555"},"modified":"2017-06-29T07:52:29","modified_gmt":"2017-06-29T07:52:29","slug":"stage-dete-du-collectif-arp-5-7-aout-2016-douarnenez-29-bretagne","status":"publish","type":"post","link":"https:\/\/www.camac-harps.com\/blog\/fr\/non-classifiee\/stage-dete-du-collectif-arp-5-7-aout-2016-douarnenez-29-bretagne\/","title":{"rendered":"Stage d&rsquo;\u00e9t\u00e9 du Collectif Arp, 5-7 ao\u00fbt 2016, Douarnenez (29, Bretagne)"},"content":{"rendered":"<p><a href=\"https:\/\/www.camac-harps.com\/wp-content\/uploads\/sites\/27\/2016\/06\/stage_ete_arp.jpg\"><img loading=\"lazy\" decoding=\"async\" class=\"alignright size-medium wp-image-4556\" src=\"https:\/\/www.camac-harps.com\/wp-content\/uploads\/sites\/27\/2016\/06\/stage_ete_arp-142x300.jpg\" alt=\"Collectif Arp stage d'\u00e9t\u00e9\" width=\"142\" height=\"300\" srcset=\"https:\/\/www.camac-harps.com\/blog\/wp-content\/uploads\/sites\/27\/2016\/06\/stage_ete_arp-142x300.jpg 142w, https:\/\/www.camac-harps.com\/blog\/wp-content\/uploads\/sites\/27\/2016\/06\/stage_ete_arp-483x1024.jpg 483w, https:\/\/www.camac-harps.com\/blog\/wp-content\/uploads\/sites\/27\/2016\/06\/stage_ete_arp-300x636.jpg 300w, https:\/\/www.camac-harps.com\/blog\/wp-content\/uploads\/sites\/27\/2016\/06\/stage_ete_arp-55x117.jpg 55w, https:\/\/www.camac-harps.com\/blog\/wp-content\/uploads\/sites\/27\/2016\/06\/stage_ete_arp-250x530.jpg 250w, https:\/\/www.camac-harps.com\/blog\/wp-content\/uploads\/sites\/27\/2016\/06\/stage_ete_arp.jpg 585w\" sizes=\"auto, (max-width: 142px) 100vw, 142px\" \/><\/a><\/p>\n<p>L&rsquo;\u00e9t\u00e9 approche \u00e0 grands pas et il est temps de se pencher sur le programme de nos vacances ! Et pourquoi ne pas poursuivre sa pratique musicale en suivant un stage ? Tout au long de ces prochains jours, nous vous donnerons des informations sur divers stages qui se d\u00e9rouleront cet \u00e9t\u00e9.<\/p>\n<p>Si vous avez envie de vous rendre en Bretagne, le <a href=\"http:\/\/collectifarp.jimdo.com\/\">Collectif Arp<\/a> propose un stage d\u2019\u00e9t\u00e9 dans la tr\u00e8s belle r\u00e9gion de Douarnenez (29, Bretagne) du 5 au 7 ao\u00fbt 2016. L\u2019occasion pour les harpistes amateurs de travailler avec les musiciens r\u00e9put\u00e9s que sont <a href=\"http:\/\/nikolazcadoret.jimdo.com\/\">Nikolaz Cadoret<\/a>, <a href=\"http:\/\/www.cristine.fr\">Cristine M\u00e9rienne<\/a>, <a href=\"http:\/\/collectifarp.jimdo.com\/alice-soria-cadoret\/\">Alice Soria-Cadoret<\/a> et <a href=\"http:\/\/www.clotildetrouillaud.com\">Clotilde Trouillaud<\/a>.<\/p>\n<p>Ce stage se veut ouvert sur diff\u00e9rentes th\u00e9matiques. Ainsi chaque jour, vous pourrez d\u00e9couvrir des r\u00e9pertoires vari\u00e9s\u00a0lors des cours collectifs : musiques du monde, musique traditionnelle des pays celtiques, harpe classique, musique pop. Ce sera aussi l\u2019occasion d\u2019aborder diff\u00e9rentes techniques comme l\u2019arrangement de groupe, l\u2019arrangement individuel, l\u2019improvisation, les styles et l\u2019interpr\u00e9tation, l\u2019accompagnement\u2026<\/p>\n<p>Nouveaut\u00e9 cette ann\u00e9e, un groupe d\u00e9butant est cr\u00e9\u00e9 pour accueillir les harpistes ayant un an de pratique minimum !<\/p>\n<p>A ces cours s\u2019ajoutent des \u00ab\u00a0ateliers flash\u00a0\u00bb d\u2019une heure qui permettront de se pencher sur des questions compl\u00e9mentaires afin de r\u00e9pondre \u00e0 certaines interrogations ou de mieux appr\u00e9hender sa pratique instrumentale au quotidien. Voici les th\u00e8mes propos\u00e9s cette ann\u00e9e\u00a0: atelier m\u00e9canique (changer une corde, un levier, r\u00e9gler l\u2019instrument\u2026), atelier danse bretonne\/rythme, atelier \u00ab\u00a0technique journali\u00e8re\u00a0\u00bb, les harpes aux XXe et XXIe si\u00e8cles, les modes de jeu contemporain, la harpe \u00e9lectrique et l\u2019historique de la harpe.<\/p>\n<p><a href=\"https:\/\/www.camac-harps.com\/wp-content\/uploads\/sites\/27\/2016\/06\/stage_ete_arp_infos2.jpg\"><img loading=\"lazy\" decoding=\"async\" class=\"alignleft size-medium wp-image-4558\" src=\"https:\/\/www.camac-harps.com\/wp-content\/uploads\/sites\/27\/2016\/06\/stage_ete_arp_infos2-142x300.jpg\" alt=\"Collectif Arp stage d'\u00e9t\u00e9\" width=\"142\" height=\"300\" srcset=\"https:\/\/www.camac-harps.com\/blog\/wp-content\/uploads\/sites\/27\/2016\/06\/stage_ete_arp_infos2-142x300.jpg 142w, https:\/\/www.camac-harps.com\/blog\/wp-content\/uploads\/sites\/27\/2016\/06\/stage_ete_arp_infos2-483x1024.jpg 483w, https:\/\/www.camac-harps.com\/blog\/wp-content\/uploads\/sites\/27\/2016\/06\/stage_ete_arp_infos2-300x636.jpg 300w, https:\/\/www.camac-harps.com\/blog\/wp-content\/uploads\/sites\/27\/2016\/06\/stage_ete_arp_infos2-55x117.jpg 55w, https:\/\/www.camac-harps.com\/blog\/wp-content\/uploads\/sites\/27\/2016\/06\/stage_ete_arp_infos2-250x530.jpg 250w, https:\/\/www.camac-harps.com\/blog\/wp-content\/uploads\/sites\/27\/2016\/06\/stage_ete_arp_infos2.jpg 585w\" sizes=\"auto, (max-width: 142px) 100vw, 142px\" \/><\/a>Parall\u00e8lement \u00e0 ces cours et ateliers, ce week-end sera \u00e9galement l\u2019occasion d\u2019assister \u00e0 divers concerts. Ainsi, les participants seront accueillis d\u00e8s le jeudi 4 ao\u00fbt au soir, et ce de la mani\u00e8re la plus conviviale qui soit, puisqu\u2019un ap\u00e9ro-concert est organis\u00e9 \u00e0 19h. Chacun pourra donc faire connaissance dans une ambiance chaleureuse, un verre \u00e0 la main et de la bonne musique dans les oreilles\u00a0! Le vendredi 5 ao\u00fbt et le samedi 6 ao\u00fbt, les soir\u00e9es seront \u00e9galement festives avec deux concerts qui se d\u00e9rouleront \u00e0 21h respectivement \u00e0 la Chapelle Saint-Jean et la MJC de Douarnenez (o\u00f9 aura d\u2019ailleurs lieu le stage). Et enfin, pour bien terminer le week-end, les stagiaires pr\u00e9senteront diff\u00e9rentes pi\u00e8ces lors d\u2019un concert de cl\u00f4ture \u00e0 18h30, toujours \u00e0 la MJC.<\/p>\n<p>Un beau week-end en perspective sous le soleil breton&#8230; Pour en savoir plus sur la r\u00e9gion de Douarnenez et les possibilit\u00e9s d\u2019h\u00e9bergement pendant le stage, rendez-vous sur <a href=\"http:\/\/www.douarnenez-tourisme.com\">www.douarnenez-tourisme.com<\/a>.<\/p>\n<p>Pour plus d\u2019informations sur le stage, vous pouvez vous rendre sur le <a href=\"http:\/\/collectifarp.jimdo.com\/stages-p\u00e9dagogie\">site du Collectif Arp<\/a> ou les contacter par <a href=\"mailto:contact@collectif-arp.com\">mail<\/a>.<\/p>\n<p>&nbsp;<\/p>\n<p>&nbsp;<\/p>\n<p><a href=\"https:\/\/www.camac-harps.com\/wp-content\/uploads\/sites\/27\/2016\/06\/stage_ete_arp_infos1.jpg\"><img loading=\"lazy\" decoding=\"async\" class=\"aligncenter size-large wp-image-4557\" src=\"https:\/\/www.camac-harps.com\/wp-content\/uploads\/sites\/27\/2016\/06\/stage_ete_arp_infos1-1024x724.jpg\" alt=\"Collectif Arp stage d'\u00e9t\u00e9\" width=\"700\" height=\"495\" srcset=\"https:\/\/www.camac-harps.com\/blog\/wp-content\/uploads\/sites\/27\/2016\/06\/stage_ete_arp_infos1-1024x724.jpg 1024w, https:\/\/www.camac-harps.com\/blog\/wp-content\/uploads\/sites\/27\/2016\/06\/stage_ete_arp_infos1-300x212.jpg 300w, https:\/\/www.camac-harps.com\/blog\/wp-content\/uploads\/sites\/27\/2016\/06\/stage_ete_arp_infos1-768x543.jpg 768w, https:\/\/www.camac-harps.com\/blog\/wp-content\/uploads\/sites\/27\/2016\/06\/stage_ete_arp_infos1-1000x707.jpg 1000w, https:\/\/www.camac-harps.com\/blog\/wp-content\/uploads\/sites\/27\/2016\/06\/stage_ete_arp_infos1-800x566.jpg 800w, https:\/\/www.camac-harps.com\/blog\/wp-content\/uploads\/sites\/27\/2016\/06\/stage_ete_arp_infos1-55x39.jpg 55w, https:\/\/www.camac-harps.com\/blog\/wp-content\/uploads\/sites\/27\/2016\/06\/stage_ete_arp_infos1-250x177.jpg 250w, https:\/\/www.camac-harps.com\/blog\/wp-content\/uploads\/sites\/27\/2016\/06\/stage_ete_arp_infos1-150x105.jpg 150w, https:\/\/www.camac-harps.com\/blog\/wp-content\/uploads\/sites\/27\/2016\/06\/stage_ete_arp_infos1.jpg 1754w\" sizes=\"auto, (max-width: 700px) 100vw, 700px\" \/><\/a><\/p>\n<p>&nbsp;<\/p>\n","protected":false},"excerpt":{"rendered":"<p>Le Collectif Arp propose un stage d\u2019\u00e9t\u00e9 \u00e0 Douarnenez, en Bretagne, du 5 au 7 ao\u00fbt 2016. L\u2019occasion de travailler avec Nikolaz Cadoret, Cristine M\u00e9rienne, Alice Soria-Cadoret et Clotilde Trouillaud&#8230;<\/p>\n","protected":false},"author":4,"featured_media":4590,"comment_status":"open","ping_status":"open","sticky":false,"template":"","format":"standard","meta":{"_acf_changed":false,"footnotes":""},"categories":[2],"tags":[],"class_list":["post-4555","post","type-post","status-publish","format-standard","has-post-thumbnail","hentry","category-non-classifiee"],"acf":[],"yoast_head":"<title>Stage d&#039;\u00e9t\u00e9 du Collectif Arp, 5-7 ao\u00fbt 2016, Douarnenez (29, Bretagne) - Camac Harps<\/title>\n<meta name=\"robots\" content=\"index, follow, max-snippet:-1, max-image-preview:large, max-video-preview:-1\" \/>\n<link rel=\"canonical\" href=\"https:\/\/www.camac-harps.com\/blog\/fr\/non-classifiee\/stage-dete-du-collectif-arp-5-7-aout-2016-douarnenez-29-bretagne\/\" \/>\n<meta property=\"og:locale\" content=\"fr_FR\" \/>\n<meta property=\"og:type\" content=\"article\" \/>\n<meta property=\"og:title\" content=\"Stage d&#039;\u00e9t\u00e9 du Collectif Arp, 5-7 ao\u00fbt 2016, Douarnenez (29, Bretagne) - Camac Harps\" \/>\n<meta property=\"og:description\" content=\"Le Collectif Arp propose un stage d\u2019\u00e9t\u00e9 \u00e0 Douarnenez, en Bretagne, du 5 au 7 ao\u00fbt 2016. L\u2019occasion de travailler avec Nikolaz Cadoret, Cristine M\u00e9rienne, Alice Soria-Cadoret et Clotilde Trouillaud...\" \/>\n<meta property=\"og:url\" content=\"https:\/\/www.camac-harps.com\/blog\/fr\/non-classifiee\/stage-dete-du-collectif-arp-5-7-aout-2016-douarnenez-29-bretagne\/\" \/>\n<meta property=\"og:site_name\" content=\"Camac Harps\" \/>\n<meta property=\"article:published_time\" content=\"2016-06-03T09:05:03+00:00\" \/>\n<meta property=\"article:modified_time\" content=\"2017-06-29T07:52:29+00:00\" \/>\n<meta property=\"og:image\" content=\"https:\/\/www.camac-harps.com\/blog\/wp-content\/uploads\/sites\/27\/2016\/06\/image.jpg\" \/>\n\t<meta property=\"og:image:width\" content=\"314\" \/>\n\t<meta property=\"og:image:height\" content=\"182\" \/>\n\t<meta property=\"og:image:type\" content=\"image\/jpeg\" \/>\n<meta name=\"author\" content=\"annepostic\" \/>\n<meta name=\"twitter:card\" content=\"summary_large_image\" \/>\n<meta name=\"twitter:label1\" content=\"\u00c9crit par\" \/>\n\t<meta name=\"twitter:data1\" content=\"annepostic\" \/>\n\t<meta name=\"twitter:label2\" content=\"Dur\u00e9e de lecture estim\u00e9e\" \/>\n\t<meta name=\"twitter:data2\" content=\"2 minutes\" \/>\n<script type=\"application\/ld+json\" class=\"yoast-schema-graph\">{\"@context\":\"https:\/\/schema.org\",\"@graph\":[{\"@type\":\"Article\",\"@id\":\"https:\/\/www.camac-harps.com\/blog\/fr\/non-classifiee\/stage-dete-du-collectif-arp-5-7-aout-2016-douarnenez-29-bretagne\/#article\",\"isPartOf\":{\"@id\":\"https:\/\/www.camac-harps.com\/blog\/fr\/non-classifiee\/stage-dete-du-collectif-arp-5-7-aout-2016-douarnenez-29-bretagne\/\"},\"author\":{\"name\":\"annepostic\",\"@id\":\"https:\/\/www.camac-harps.com\/blog\/fr\/#\/schema\/person\/006439874c4dce6ab44edd15aa1b241d\"},\"headline\":\"Stage d&rsquo;\u00e9t\u00e9 du Collectif Arp, 5-7 ao\u00fbt 2016, Douarnenez (29, Bretagne)\",\"datePublished\":\"2016-06-03T09:05:03+00:00\",\"dateModified\":\"2017-06-29T07:52:29+00:00\",\"mainEntityOfPage\":{\"@id\":\"https:\/\/www.camac-harps.com\/blog\/fr\/non-classifiee\/stage-dete-du-collectif-arp-5-7-aout-2016-douarnenez-29-bretagne\/\"},\"wordCount\":485,\"commentCount\":0,\"image\":{\"@id\":\"https:\/\/www.camac-harps.com\/blog\/fr\/non-classifiee\/stage-dete-du-collectif-arp-5-7-aout-2016-douarnenez-29-bretagne\/#primaryimage\"},\"thumbnailUrl\":\"https:\/\/www.camac-harps.com\/blog\/wp-content\/uploads\/sites\/27\/2016\/06\/image.jpg\",\"articleSection\":[\"Non classifi\u00e9(e)\"],\"inLanguage\":\"fr-FR\",\"potentialAction\":[{\"@type\":\"CommentAction\",\"name\":\"Comment\",\"target\":[\"https:\/\/www.camac-harps.com\/blog\/fr\/non-classifiee\/stage-dete-du-collectif-arp-5-7-aout-2016-douarnenez-29-bretagne\/#respond\"]}]},{\"@type\":\"WebPage\",\"@id\":\"https:\/\/www.camac-harps.com\/blog\/fr\/non-classifiee\/stage-dete-du-collectif-arp-5-7-aout-2016-douarnenez-29-bretagne\/\",\"url\":\"https:\/\/www.camac-harps.com\/blog\/fr\/non-classifiee\/stage-dete-du-collectif-arp-5-7-aout-2016-douarnenez-29-bretagne\/\",\"name\":\"Stage d'\u00e9t\u00e9 du Collectif Arp, 5-7 ao\u00fbt 2016, Douarnenez (29, Bretagne) - Camac Harps\",\"isPartOf\":{\"@id\":\"https:\/\/www.camac-harps.com\/blog\/fr\/#website\"},\"primaryImageOfPage\":{\"@id\":\"https:\/\/www.camac-harps.com\/blog\/fr\/non-classifiee\/stage-dete-du-collectif-arp-5-7-aout-2016-douarnenez-29-bretagne\/#primaryimage\"},\"image\":{\"@id\":\"https:\/\/www.camac-harps.com\/blog\/fr\/non-classifiee\/stage-dete-du-collectif-arp-5-7-aout-2016-douarnenez-29-bretagne\/#primaryimage\"},\"thumbnailUrl\":\"https:\/\/www.camac-harps.com\/blog\/wp-content\/uploads\/sites\/27\/2016\/06\/image.jpg\",\"datePublished\":\"2016-06-03T09:05:03+00:00\",\"dateModified\":\"2017-06-29T07:52:29+00:00\",\"author\":{\"@id\":\"https:\/\/www.camac-harps.com\/blog\/fr\/#\/schema\/person\/006439874c4dce6ab44edd15aa1b241d\"},\"breadcrumb\":{\"@id\":\"https:\/\/www.camac-harps.com\/blog\/fr\/non-classifiee\/stage-dete-du-collectif-arp-5-7-aout-2016-douarnenez-29-bretagne\/#breadcrumb\"},\"inLanguage\":\"fr-FR\",\"potentialAction\":[{\"@type\":\"ReadAction\",\"target\":[\"https:\/\/www.camac-harps.com\/blog\/fr\/non-classifiee\/stage-dete-du-collectif-arp-5-7-aout-2016-douarnenez-29-bretagne\/\"]}]},{\"@type\":\"ImageObject\",\"inLanguage\":\"fr-FR\",\"@id\":\"https:\/\/www.camac-harps.com\/blog\/fr\/non-classifiee\/stage-dete-du-collectif-arp-5-7-aout-2016-douarnenez-29-bretagne\/#primaryimage\",\"url\":\"https:\/\/www.camac-harps.com\/blog\/wp-content\/uploads\/sites\/27\/2016\/06\/image.jpg\",\"contentUrl\":\"https:\/\/www.camac-harps.com\/blog\/wp-content\/uploads\/sites\/27\/2016\/06\/image.jpg\",\"width\":314,\"height\":182,\"caption\":\"Collectif Arp Stage\"},{\"@type\":\"BreadcrumbList\",\"@id\":\"https:\/\/www.camac-harps.com\/blog\/fr\/non-classifiee\/stage-dete-du-collectif-arp-5-7-aout-2016-douarnenez-29-bretagne\/#breadcrumb\",\"itemListElement\":[{\"@type\":\"ListItem\",\"position\":1,\"name\":\"Home\",\"item\":\"https:\/\/www.camac-harps.com\/blog\/fr\/\"},{\"@type\":\"ListItem\",\"position\":2,\"name\":\"Stage d&rsquo;\u00e9t\u00e9 du Collectif Arp, 5-7 ao\u00fbt 2016, Douarnenez (29, Bretagne)\"}]},{\"@type\":\"WebSite\",\"@id\":\"https:\/\/www.camac-harps.com\/blog\/fr\/#website\",\"url\":\"https:\/\/www.camac-harps.com\/blog\/fr\/\",\"name\":\"Camac Harps\",\"description\":\"\",\"potentialAction\":[{\"@type\":\"SearchAction\",\"target\":{\"@type\":\"EntryPoint\",\"urlTemplate\":\"https:\/\/www.camac-harps.com\/blog\/fr\/?s={search_term_string}\"},\"query-input\":{\"@type\":\"PropertyValueSpecification\",\"valueRequired\":true,\"valueName\":\"search_term_string\"}}],\"inLanguage\":\"fr-FR\"},{\"@type\":\"Person\",\"@id\":\"https:\/\/www.camac-harps.com\/blog\/fr\/#\/schema\/person\/006439874c4dce6ab44edd15aa1b241d\",\"name\":\"annepostic\",\"image\":{\"@type\":\"ImageObject\",\"inLanguage\":\"fr-FR\",\"@id\":\"https:\/\/www.camac-harps.com\/blog\/fr\/#\/schema\/person\/image\/\",\"url\":\"https:\/\/secure.gravatar.com\/avatar\/ffb0930ecc7ecc35a72994a73446bc976914d08653591c7e8e6fa15ce253d4ad?s=96&d=mm&r=g\",\"contentUrl\":\"https:\/\/secure.gravatar.com\/avatar\/ffb0930ecc7ecc35a72994a73446bc976914d08653591c7e8e6fa15ce253d4ad?s=96&d=mm&r=g\",\"caption\":\"annepostic\"},\"url\":\"https:\/\/www.camac-harps.com\/blog\/fr\/author\/annepostic\/\"}]}<\/script>","yoast_head_json":{"title":"Stage d'\u00e9t\u00e9 du Collectif Arp, 5-7 ao\u00fbt 2016, Douarnenez (29, Bretagne) - Camac Harps","robots":{"index":"index","follow":"follow","max-snippet":"max-snippet:-1","max-image-preview":"max-image-preview:large","max-video-preview":"max-video-preview:-1"},"canonical":"https:\/\/www.camac-harps.com\/blog\/fr\/non-classifiee\/stage-dete-du-collectif-arp-5-7-aout-2016-douarnenez-29-bretagne\/","og_locale":"fr_FR","og_type":"article","og_title":"Stage d'\u00e9t\u00e9 du Collectif Arp, 5-7 ao\u00fbt 2016, Douarnenez (29, Bretagne) - Camac Harps","og_description":"Le Collectif Arp propose un stage d\u2019\u00e9t\u00e9 \u00e0 Douarnenez, en Bretagne, du 5 au 7 ao\u00fbt 2016. L\u2019occasion de travailler avec Nikolaz Cadoret, Cristine M\u00e9rienne, Alice Soria-Cadoret et Clotilde Trouillaud...","og_url":"https:\/\/www.camac-harps.com\/blog\/fr\/non-classifiee\/stage-dete-du-collectif-arp-5-7-aout-2016-douarnenez-29-bretagne\/","og_site_name":"Camac Harps","article_published_time":"2016-06-03T09:05:03+00:00","article_modified_time":"2017-06-29T07:52:29+00:00","og_image":[{"width":314,"height":182,"url":"https:\/\/www.camac-harps.com\/blog\/wp-content\/uploads\/sites\/27\/2016\/06\/image.jpg","type":"image\/jpeg"}],"author":"annepostic","twitter_card":"summary_large_image","twitter_misc":{"\u00c9crit par":"annepostic","Dur\u00e9e de lecture estim\u00e9e":"2 minutes"},"schema":{"@context":"https:\/\/schema.org","@graph":[{"@type":"Article","@id":"https:\/\/www.camac-harps.com\/blog\/fr\/non-classifiee\/stage-dete-du-collectif-arp-5-7-aout-2016-douarnenez-29-bretagne\/#article","isPartOf":{"@id":"https:\/\/www.camac-harps.com\/blog\/fr\/non-classifiee\/stage-dete-du-collectif-arp-5-7-aout-2016-douarnenez-29-bretagne\/"},"author":{"name":"annepostic","@id":"https:\/\/www.camac-harps.com\/blog\/fr\/#\/schema\/person\/006439874c4dce6ab44edd15aa1b241d"},"headline":"Stage d&rsquo;\u00e9t\u00e9 du Collectif Arp, 5-7 ao\u00fbt 2016, Douarnenez (29, Bretagne)","datePublished":"2016-06-03T09:05:03+00:00","dateModified":"2017-06-29T07:52:29+00:00","mainEntityOfPage":{"@id":"https:\/\/www.camac-harps.com\/blog\/fr\/non-classifiee\/stage-dete-du-collectif-arp-5-7-aout-2016-douarnenez-29-bretagne\/"},"wordCount":485,"commentCount":0,"image":{"@id":"https:\/\/www.camac-harps.com\/blog\/fr\/non-classifiee\/stage-dete-du-collectif-arp-5-7-aout-2016-douarnenez-29-bretagne\/#primaryimage"},"thumbnailUrl":"https:\/\/www.camac-harps.com\/blog\/wp-content\/uploads\/sites\/27\/2016\/06\/image.jpg","articleSection":["Non classifi\u00e9(e)"],"inLanguage":"fr-FR","potentialAction":[{"@type":"CommentAction","name":"Comment","target":["https:\/\/www.camac-harps.com\/blog\/fr\/non-classifiee\/stage-dete-du-collectif-arp-5-7-aout-2016-douarnenez-29-bretagne\/#respond"]}]},{"@type":"WebPage","@id":"https:\/\/www.camac-harps.com\/blog\/fr\/non-classifiee\/stage-dete-du-collectif-arp-5-7-aout-2016-douarnenez-29-bretagne\/","url":"https:\/\/www.camac-harps.com\/blog\/fr\/non-classifiee\/stage-dete-du-collectif-arp-5-7-aout-2016-douarnenez-29-bretagne\/","name":"Stage d'\u00e9t\u00e9 du Collectif Arp, 5-7 ao\u00fbt 2016, Douarnenez (29, Bretagne) - Camac Harps","isPartOf":{"@id":"https:\/\/www.camac-harps.com\/blog\/fr\/#website"},"primaryImageOfPage":{"@id":"https:\/\/www.camac-harps.com\/blog\/fr\/non-classifiee\/stage-dete-du-collectif-arp-5-7-aout-2016-douarnenez-29-bretagne\/#primaryimage"},"image":{"@id":"https:\/\/www.camac-harps.com\/blog\/fr\/non-classifiee\/stage-dete-du-collectif-arp-5-7-aout-2016-douarnenez-29-bretagne\/#primaryimage"},"thumbnailUrl":"https:\/\/www.camac-harps.com\/blog\/wp-content\/uploads\/sites\/27\/2016\/06\/image.jpg","datePublished":"2016-06-03T09:05:03+00:00","dateModified":"2017-06-29T07:52:29+00:00","author":{"@id":"https:\/\/www.camac-harps.com\/blog\/fr\/#\/schema\/person\/006439874c4dce6ab44edd15aa1b241d"},"breadcrumb":{"@id":"https:\/\/www.camac-harps.com\/blog\/fr\/non-classifiee\/stage-dete-du-collectif-arp-5-7-aout-2016-douarnenez-29-bretagne\/#breadcrumb"},"inLanguage":"fr-FR","potentialAction":[{"@type":"ReadAction","target":["https:\/\/www.camac-harps.com\/blog\/fr\/non-classifiee\/stage-dete-du-collectif-arp-5-7-aout-2016-douarnenez-29-bretagne\/"]}]},{"@type":"ImageObject","inLanguage":"fr-FR","@id":"https:\/\/www.camac-harps.com\/blog\/fr\/non-classifiee\/stage-dete-du-collectif-arp-5-7-aout-2016-douarnenez-29-bretagne\/#primaryimage","url":"https:\/\/www.camac-harps.com\/blog\/wp-content\/uploads\/sites\/27\/2016\/06\/image.jpg","contentUrl":"https:\/\/www.camac-harps.com\/blog\/wp-content\/uploads\/sites\/27\/2016\/06\/image.jpg","width":314,"height":182,"caption":"Collectif Arp Stage"},{"@type":"BreadcrumbList","@id":"https:\/\/www.camac-harps.com\/blog\/fr\/non-classifiee\/stage-dete-du-collectif-arp-5-7-aout-2016-douarnenez-29-bretagne\/#breadcrumb","itemListElement":[{"@type":"ListItem","position":1,"name":"Home","item":"https:\/\/www.camac-harps.com\/blog\/fr\/"},{"@type":"ListItem","position":2,"name":"Stage d&rsquo;\u00e9t\u00e9 du Collectif Arp, 5-7 ao\u00fbt 2016, Douarnenez (29, Bretagne)"}]},{"@type":"WebSite","@id":"https:\/\/www.camac-harps.com\/blog\/fr\/#website","url":"https:\/\/www.camac-harps.com\/blog\/fr\/","name":"Camac Harps","description":"","potentialAction":[{"@type":"SearchAction","target":{"@type":"EntryPoint","urlTemplate":"https:\/\/www.camac-harps.com\/blog\/fr\/?s={search_term_string}"},"query-input":{"@type":"PropertyValueSpecification","valueRequired":true,"valueName":"search_term_string"}}],"inLanguage":"fr-FR"},{"@type":"Person","@id":"https:\/\/www.camac-harps.com\/blog\/fr\/#\/schema\/person\/006439874c4dce6ab44edd15aa1b241d","name":"annepostic","image":{"@type":"ImageObject","inLanguage":"fr-FR","@id":"https:\/\/www.camac-harps.com\/blog\/fr\/#\/schema\/person\/image\/","url":"https:\/\/secure.gravatar.com\/avatar\/ffb0930ecc7ecc35a72994a73446bc976914d08653591c7e8e6fa15ce253d4ad?s=96&d=mm&r=g","contentUrl":"https:\/\/secure.gravatar.com\/avatar\/ffb0930ecc7ecc35a72994a73446bc976914d08653591c7e8e6fa15ce253d4ad?s=96&d=mm&r=g","caption":"annepostic"},"url":"https:\/\/www.camac-harps.com\/blog\/fr\/author\/annepostic\/"}]}},"_links":{"self":[{"href":"https:\/\/www.camac-harps.com\/blog\/fr\/wp-json\/wp\/v2\/posts\/4555","targetHints":{"allow":["GET"]}}],"collection":[{"href":"https:\/\/www.camac-harps.com\/blog\/fr\/wp-json\/wp\/v2\/posts"}],"about":[{"href":"https:\/\/www.camac-harps.com\/blog\/fr\/wp-json\/wp\/v2\/types\/post"}],"author":[{"embeddable":true,"href":"https:\/\/www.camac-harps.com\/blog\/fr\/wp-json\/wp\/v2\/users\/4"}],"replies":[{"embeddable":true,"href":"https:\/\/www.camac-harps.com\/blog\/fr\/wp-json\/wp\/v2\/comments?post=4555"}],"version-history":[{"count":7,"href":"https:\/\/www.camac-harps.com\/blog\/fr\/wp-json\/wp\/v2\/posts\/4555\/revisions"}],"predecessor-version":[{"id":20696,"href":"https:\/\/www.camac-harps.com\/blog\/fr\/wp-json\/wp\/v2\/posts\/4555\/revisions\/20696"}],"wp:featuredmedia":[{"embeddable":true,"href":"https:\/\/www.camac-harps.com\/blog\/fr\/wp-json\/wp\/v2\/media\/4590"}],"wp:attachment":[{"href":"https:\/\/www.camac-harps.com\/blog\/fr\/wp-json\/wp\/v2\/media?parent=4555"}],"wp:term":[{"taxonomy":"category","embeddable":true,"href":"https:\/\/www.camac-harps.com\/blog\/fr\/wp-json\/wp\/v2\/categories?post=4555"},{"taxonomy":"post_tag","embeddable":true,"href":"https:\/\/www.camac-harps.com\/blog\/fr\/wp-json\/wp\/v2\/tags?post=4555"}],"curies":[{"name":"wp","href":"https:\/\/api.w.org\/{rel}","templated":true}]}}