{"id":4609,"date":"2016-06-07T08:26:45","date_gmt":"2016-06-07T08:26:45","guid":{"rendered":"http:\/\/www.harpblog.info\/?p=4609"},"modified":"2017-06-29T09:53:44","modified_gmt":"2017-06-29T09:53:44","slug":"musicalta-du-18-au-27-juillet-et-du-28-juillet-au-6-aout","status":"publish","type":"post","link":"https:\/\/www.camac-harps.com\/blog\/fr\/non-classifiee\/musicalta-du-18-au-27-juillet-et-du-28-juillet-au-6-aout\/","title":{"rendered":"Musicalta : du 18 au 27 juillet, et du 28 juillet au 6 ao\u00fbt"},"content":{"rendered":"<p><a href=\"https:\/\/www.camac-harps.com\/wp-content\/uploads\/sites\/27\/2016\/06\/visu-2016-bd320x452.jpg\"><img loading=\"lazy\" decoding=\"async\" class=\"alignright size-full wp-image-4579\" src=\"https:\/\/www.camac-harps.com\/wp-content\/uploads\/sites\/27\/2016\/06\/visu-2016-bd320x452.jpg\" alt=\"MusicAlta\" width=\"320\" height=\"452\" srcset=\"https:\/\/www.camac-harps.com\/blog\/wp-content\/uploads\/sites\/27\/2016\/06\/visu-2016-bd320x452.jpg 320w, https:\/\/www.camac-harps.com\/blog\/wp-content\/uploads\/sites\/27\/2016\/06\/visu-2016-bd320x452-212x300.jpg 212w, https:\/\/www.camac-harps.com\/blog\/wp-content\/uploads\/sites\/27\/2016\/06\/visu-2016-bd320x452-300x424.jpg 300w, https:\/\/www.camac-harps.com\/blog\/wp-content\/uploads\/sites\/27\/2016\/06\/visu-2016-bd320x452-55x78.jpg 55w, https:\/\/www.camac-harps.com\/blog\/wp-content\/uploads\/sites\/27\/2016\/06\/visu-2016-bd320x452-250x353.jpg 250w\" sizes=\"auto, (max-width: 320px) 100vw, 320px\" \/><\/a>Continuons notre liste de stages d&rsquo;\u00e9t\u00e9 avec\u00a0<a href=\"http:\/\/www.musicalta.com\/\">Musicalta<\/a>, un stage de harpe \u00e0 p\u00e9dales qui existe depuis de nombreuses ann\u00e9es.\u00a0Les professeurs cette ann\u00e9e seront\u00a0Fran\u00e7oise Friedrich, de la Frankfurt Hochschule f\u00fcr Musik, pour la premi\u00e8re session, et\u00a0Genevi\u00e8ve L\u00e9tang, du Conservatoire de Paris,\u00a0pour la deuxi\u00e8me session.<\/p>\n<p>Cela fait maintenant vingt ans que l&rsquo;acad\u00e9mie Musicalta existe. Elle a lieu en Alsace, dans un immense parc au pied des Vosges, \u00e0 la fronti\u00e8re allemande. Ce stage propose un programme vari\u00e9 : il accueille des cours pour diff\u00e9rents instruments, mais \u00e9galement des ateliers tr\u00e8s int\u00e9ressants sur la composition, l&rsquo;orchestration, le yoga, la relaxation ou encore des cours de fran\u00e7ais et d&rsquo;anglais (ces ateliers sont \u00e0 r\u00e9server s\u00e9par\u00e9ment). Les francophones peuvent \u00e9galement participer \u00e0 un atelier d&rsquo;\u00e9criture.<\/p>\n<p>Cette acad\u00e9mie est aussi l&rsquo;occasion d&rsquo;assister ou de participer au\u00a0<a href=\"http:\/\/www.musicalta.com\/festival-de-musique-2016\/\">festival Musicalta<\/a>\u00a0qui se d\u00e9roule parall\u00e8lement. De grands artistes internationaux s&rsquo;y produisent et le programme inclut \u00e9galement plusieurs concerts \u00ab\u00a0carte blanche\u00a0\u00bb aux participants du stage.<\/p>\n<p>Derni\u00e8re information (mais pas des moindres !), vous pourrez profiter d&rsquo;une jolie harpe Camac sur place car nous sommes tr\u00e8s heureux de soutenir ce stage en mettant des instruments \u00e0 disposition des participants.<\/p>\n<p>D&rsquo;un point de vue pratique, tout est regroup\u00e9 au m\u00eame endroit, y compris l&rsquo;h\u00e9bergement (un\u00a0encadrement est propos\u00e9 pour les \u00e9tudiants mineurs internes). Les sessions se remplissent vite, aussi ne tardez pas trop \u00e0 r\u00e9server votre place via leur\u00a0<a href=\"http:\/\/www.musicalta.com\">site internet<\/a>\u00a0o\u00f9 vous trouverez toutes les informations n\u00e9cessaires. Vous pouvez \u00e9galement t\u00e9l\u00e9charger le <a href=\"https:\/\/www.camac-harps.com\/wp-content\/uploads\/sites\/27\/2016\/06\/musicalta-brochure.pdf\">d\u00e9pliant Musicalta<\/a>, disponible en fran\u00e7ais et en anglais.<\/p>\n","protected":false},"excerpt":{"rendered":"<p>Les enseignantes de l&rsquo;acad\u00e9mie Musicalta 2016 seront Fran\u00e7oise Friedrich, de la Frankfurt Hochschule f\u00fcr Musik, et Genevi\u00e8ve L\u00e9tang du Conservatoire de Paris. <\/p>\n","protected":false},"author":3,"featured_media":4582,"comment_status":"open","ping_status":"open","sticky":false,"template":"","format":"standard","meta":{"_acf_changed":false,"footnotes":""},"categories":[2],"tags":[],"class_list":["post-4609","post","type-post","status-publish","format-standard","has-post-thumbnail","hentry","category-non-classifiee"],"acf":[],"yoast_head":"<title>Musicalta : du 18 au 27 juillet, et du 28 juillet au 6 ao\u00fbt - Camac Harps<\/title>\n<meta name=\"robots\" content=\"index, follow, max-snippet:-1, max-image-preview:large, max-video-preview:-1\" \/>\n<link rel=\"canonical\" href=\"https:\/\/www.camac-harps.com\/blog\/fr\/non-classifiee\/musicalta-du-18-au-27-juillet-et-du-28-juillet-au-6-aout\/\" \/>\n<meta property=\"og:locale\" content=\"fr_FR\" \/>\n<meta property=\"og:type\" content=\"article\" \/>\n<meta property=\"og:title\" content=\"Musicalta : du 18 au 27 juillet, et du 28 juillet au 6 ao\u00fbt - Camac Harps\" \/>\n<meta property=\"og:description\" content=\"Les enseignantes de l&#039;acad\u00e9mie Musicalta 2016 seront Fran\u00e7oise Friedrich, de la Frankfurt Hochschule f\u00fcr Musik, et Genevi\u00e8ve L\u00e9tang du Conservatoire de Paris.\" \/>\n<meta property=\"og:url\" content=\"https:\/\/www.camac-harps.com\/blog\/fr\/non-classifiee\/musicalta-du-18-au-27-juillet-et-du-28-juillet-au-6-aout\/\" \/>\n<meta property=\"og:site_name\" content=\"Camac Harps\" \/>\n<meta property=\"article:published_time\" content=\"2016-06-07T08:26:45+00:00\" \/>\n<meta property=\"article:modified_time\" content=\"2017-06-29T09:53:44+00:00\" \/>\n<meta property=\"og:image\" content=\"https:\/\/www.camac-harps.com\/blog\/wp-content\/uploads\/sites\/27\/2016\/06\/etudiants.jpg\" \/>\n\t<meta property=\"og:image:width\" content=\"800\" \/>\n\t<meta property=\"og:image:height\" content=\"400\" \/>\n\t<meta property=\"og:image:type\" content=\"image\/jpeg\" \/>\n<meta name=\"author\" content=\"Helen Leitner\" \/>\n<meta name=\"twitter:card\" content=\"summary_large_image\" \/>\n<meta name=\"twitter:label1\" content=\"\u00c9crit par\" \/>\n\t<meta name=\"twitter:data1\" content=\"Helen Leitner\" \/>\n\t<meta name=\"twitter:label2\" content=\"Dur\u00e9e de lecture estim\u00e9e\" \/>\n\t<meta name=\"twitter:data2\" content=\"1 minute\" \/>\n<script type=\"application\/ld+json\" class=\"yoast-schema-graph\">{\"@context\":\"https:\/\/schema.org\",\"@graph\":[{\"@type\":\"Article\",\"@id\":\"https:\/\/www.camac-harps.com\/blog\/fr\/non-classifiee\/musicalta-du-18-au-27-juillet-et-du-28-juillet-au-6-aout\/#article\",\"isPartOf\":{\"@id\":\"https:\/\/www.camac-harps.com\/blog\/fr\/non-classifiee\/musicalta-du-18-au-27-juillet-et-du-28-juillet-au-6-aout\/\"},\"author\":{\"name\":\"Helen Leitner\",\"@id\":\"https:\/\/www.camac-harps.com\/blog\/fr\/#\/schema\/person\/59b9e6843c0338179fb914afaf144d22\"},\"headline\":\"Musicalta : du 18 au 27 juillet, et du 28 juillet au 6 ao\u00fbt\",\"datePublished\":\"2016-06-07T08:26:45+00:00\",\"dateModified\":\"2017-06-29T09:53:44+00:00\",\"mainEntityOfPage\":{\"@id\":\"https:\/\/www.camac-harps.com\/blog\/fr\/non-classifiee\/musicalta-du-18-au-27-juillet-et-du-28-juillet-au-6-aout\/\"},\"wordCount\":298,\"commentCount\":0,\"image\":{\"@id\":\"https:\/\/www.camac-harps.com\/blog\/fr\/non-classifiee\/musicalta-du-18-au-27-juillet-et-du-28-juillet-au-6-aout\/#primaryimage\"},\"thumbnailUrl\":\"https:\/\/www.camac-harps.com\/blog\/wp-content\/uploads\/sites\/27\/2016\/06\/etudiants.jpg\",\"articleSection\":[\"Non classifi\u00e9(e)\"],\"inLanguage\":\"fr-FR\",\"potentialAction\":[{\"@type\":\"CommentAction\",\"name\":\"Comment\",\"target\":[\"https:\/\/www.camac-harps.com\/blog\/fr\/non-classifiee\/musicalta-du-18-au-27-juillet-et-du-28-juillet-au-6-aout\/#respond\"]}]},{\"@type\":\"WebPage\",\"@id\":\"https:\/\/www.camac-harps.com\/blog\/fr\/non-classifiee\/musicalta-du-18-au-27-juillet-et-du-28-juillet-au-6-aout\/\",\"url\":\"https:\/\/www.camac-harps.com\/blog\/fr\/non-classifiee\/musicalta-du-18-au-27-juillet-et-du-28-juillet-au-6-aout\/\",\"name\":\"Musicalta : du 18 au 27 juillet, et du 28 juillet au 6 ao\u00fbt - Camac Harps\",\"isPartOf\":{\"@id\":\"https:\/\/www.camac-harps.com\/blog\/fr\/#website\"},\"primaryImageOfPage\":{\"@id\":\"https:\/\/www.camac-harps.com\/blog\/fr\/non-classifiee\/musicalta-du-18-au-27-juillet-et-du-28-juillet-au-6-aout\/#primaryimage\"},\"image\":{\"@id\":\"https:\/\/www.camac-harps.com\/blog\/fr\/non-classifiee\/musicalta-du-18-au-27-juillet-et-du-28-juillet-au-6-aout\/#primaryimage\"},\"thumbnailUrl\":\"https:\/\/www.camac-harps.com\/blog\/wp-content\/uploads\/sites\/27\/2016\/06\/etudiants.jpg\",\"datePublished\":\"2016-06-07T08:26:45+00:00\",\"dateModified\":\"2017-06-29T09:53:44+00:00\",\"author\":{\"@id\":\"https:\/\/www.camac-harps.com\/blog\/fr\/#\/schema\/person\/59b9e6843c0338179fb914afaf144d22\"},\"breadcrumb\":{\"@id\":\"https:\/\/www.camac-harps.com\/blog\/fr\/non-classifiee\/musicalta-du-18-au-27-juillet-et-du-28-juillet-au-6-aout\/#breadcrumb\"},\"inLanguage\":\"fr-FR\",\"potentialAction\":[{\"@type\":\"ReadAction\",\"target\":[\"https:\/\/www.camac-harps.com\/blog\/fr\/non-classifiee\/musicalta-du-18-au-27-juillet-et-du-28-juillet-au-6-aout\/\"]}]},{\"@type\":\"ImageObject\",\"inLanguage\":\"fr-FR\",\"@id\":\"https:\/\/www.camac-harps.com\/blog\/fr\/non-classifiee\/musicalta-du-18-au-27-juillet-et-du-28-juillet-au-6-aout\/#primaryimage\",\"url\":\"https:\/\/www.camac-harps.com\/blog\/wp-content\/uploads\/sites\/27\/2016\/06\/etudiants.jpg\",\"contentUrl\":\"https:\/\/www.camac-harps.com\/blog\/wp-content\/uploads\/sites\/27\/2016\/06\/etudiants.jpg\",\"width\":800,\"height\":400,\"caption\":\"MusicAlta pointing finger\"},{\"@type\":\"BreadcrumbList\",\"@id\":\"https:\/\/www.camac-harps.com\/blog\/fr\/non-classifiee\/musicalta-du-18-au-27-juillet-et-du-28-juillet-au-6-aout\/#breadcrumb\",\"itemListElement\":[{\"@type\":\"ListItem\",\"position\":1,\"name\":\"Home\",\"item\":\"https:\/\/www.camac-harps.com\/blog\/fr\/\"},{\"@type\":\"ListItem\",\"position\":2,\"name\":\"Musicalta : du 18 au 27 juillet, et du 28 juillet au 6 ao\u00fbt\"}]},{\"@type\":\"WebSite\",\"@id\":\"https:\/\/www.camac-harps.com\/blog\/fr\/#website\",\"url\":\"https:\/\/www.camac-harps.com\/blog\/fr\/\",\"name\":\"Camac Harps\",\"description\":\"\",\"potentialAction\":[{\"@type\":\"SearchAction\",\"target\":{\"@type\":\"EntryPoint\",\"urlTemplate\":\"https:\/\/www.camac-harps.com\/blog\/fr\/?s={search_term_string}\"},\"query-input\":{\"@type\":\"PropertyValueSpecification\",\"valueRequired\":true,\"valueName\":\"search_term_string\"}}],\"inLanguage\":\"fr-FR\"},{\"@type\":\"Person\",\"@id\":\"https:\/\/www.camac-harps.com\/blog\/fr\/#\/schema\/person\/59b9e6843c0338179fb914afaf144d22\",\"name\":\"Helen Leitner\",\"image\":{\"@type\":\"ImageObject\",\"inLanguage\":\"fr-FR\",\"@id\":\"https:\/\/www.camac-harps.com\/blog\/fr\/#\/schema\/person\/image\/\",\"url\":\"https:\/\/secure.gravatar.com\/avatar\/ebbebff931219cff4c2d1e25c3229b2e036693f67bf237fb12f452d7a019a6da?s=96&d=mm&r=g\",\"contentUrl\":\"https:\/\/secure.gravatar.com\/avatar\/ebbebff931219cff4c2d1e25c3229b2e036693f67bf237fb12f452d7a019a6da?s=96&d=mm&r=g\",\"caption\":\"Helen Leitner\"},\"url\":\"https:\/\/www.camac-harps.com\/blog\/fr\/author\/ltnr\/\"}]}<\/script>","yoast_head_json":{"title":"Musicalta : du 18 au 27 juillet, et du 28 juillet au 6 ao\u00fbt - Camac Harps","robots":{"index":"index","follow":"follow","max-snippet":"max-snippet:-1","max-image-preview":"max-image-preview:large","max-video-preview":"max-video-preview:-1"},"canonical":"https:\/\/www.camac-harps.com\/blog\/fr\/non-classifiee\/musicalta-du-18-au-27-juillet-et-du-28-juillet-au-6-aout\/","og_locale":"fr_FR","og_type":"article","og_title":"Musicalta : du 18 au 27 juillet, et du 28 juillet au 6 ao\u00fbt - Camac Harps","og_description":"Les enseignantes de l'acad\u00e9mie Musicalta 2016 seront Fran\u00e7oise Friedrich, de la Frankfurt Hochschule f\u00fcr Musik, et Genevi\u00e8ve L\u00e9tang du Conservatoire de Paris.","og_url":"https:\/\/www.camac-harps.com\/blog\/fr\/non-classifiee\/musicalta-du-18-au-27-juillet-et-du-28-juillet-au-6-aout\/","og_site_name":"Camac Harps","article_published_time":"2016-06-07T08:26:45+00:00","article_modified_time":"2017-06-29T09:53:44+00:00","og_image":[{"width":800,"height":400,"url":"https:\/\/www.camac-harps.com\/blog\/wp-content\/uploads\/sites\/27\/2016\/06\/etudiants.jpg","type":"image\/jpeg"}],"author":"Helen Leitner","twitter_card":"summary_large_image","twitter_misc":{"\u00c9crit par":"Helen Leitner","Dur\u00e9e de lecture estim\u00e9e":"1 minute"},"schema":{"@context":"https:\/\/schema.org","@graph":[{"@type":"Article","@id":"https:\/\/www.camac-harps.com\/blog\/fr\/non-classifiee\/musicalta-du-18-au-27-juillet-et-du-28-juillet-au-6-aout\/#article","isPartOf":{"@id":"https:\/\/www.camac-harps.com\/blog\/fr\/non-classifiee\/musicalta-du-18-au-27-juillet-et-du-28-juillet-au-6-aout\/"},"author":{"name":"Helen Leitner","@id":"https:\/\/www.camac-harps.com\/blog\/fr\/#\/schema\/person\/59b9e6843c0338179fb914afaf144d22"},"headline":"Musicalta : du 18 au 27 juillet, et du 28 juillet au 6 ao\u00fbt","datePublished":"2016-06-07T08:26:45+00:00","dateModified":"2017-06-29T09:53:44+00:00","mainEntityOfPage":{"@id":"https:\/\/www.camac-harps.com\/blog\/fr\/non-classifiee\/musicalta-du-18-au-27-juillet-et-du-28-juillet-au-6-aout\/"},"wordCount":298,"commentCount":0,"image":{"@id":"https:\/\/www.camac-harps.com\/blog\/fr\/non-classifiee\/musicalta-du-18-au-27-juillet-et-du-28-juillet-au-6-aout\/#primaryimage"},"thumbnailUrl":"https:\/\/www.camac-harps.com\/blog\/wp-content\/uploads\/sites\/27\/2016\/06\/etudiants.jpg","articleSection":["Non classifi\u00e9(e)"],"inLanguage":"fr-FR","potentialAction":[{"@type":"CommentAction","name":"Comment","target":["https:\/\/www.camac-harps.com\/blog\/fr\/non-classifiee\/musicalta-du-18-au-27-juillet-et-du-28-juillet-au-6-aout\/#respond"]}]},{"@type":"WebPage","@id":"https:\/\/www.camac-harps.com\/blog\/fr\/non-classifiee\/musicalta-du-18-au-27-juillet-et-du-28-juillet-au-6-aout\/","url":"https:\/\/www.camac-harps.com\/blog\/fr\/non-classifiee\/musicalta-du-18-au-27-juillet-et-du-28-juillet-au-6-aout\/","name":"Musicalta : du 18 au 27 juillet, et du 28 juillet au 6 ao\u00fbt - Camac Harps","isPartOf":{"@id":"https:\/\/www.camac-harps.com\/blog\/fr\/#website"},"primaryImageOfPage":{"@id":"https:\/\/www.camac-harps.com\/blog\/fr\/non-classifiee\/musicalta-du-18-au-27-juillet-et-du-28-juillet-au-6-aout\/#primaryimage"},"image":{"@id":"https:\/\/www.camac-harps.com\/blog\/fr\/non-classifiee\/musicalta-du-18-au-27-juillet-et-du-28-juillet-au-6-aout\/#primaryimage"},"thumbnailUrl":"https:\/\/www.camac-harps.com\/blog\/wp-content\/uploads\/sites\/27\/2016\/06\/etudiants.jpg","datePublished":"2016-06-07T08:26:45+00:00","dateModified":"2017-06-29T09:53:44+00:00","author":{"@id":"https:\/\/www.camac-harps.com\/blog\/fr\/#\/schema\/person\/59b9e6843c0338179fb914afaf144d22"},"breadcrumb":{"@id":"https:\/\/www.camac-harps.com\/blog\/fr\/non-classifiee\/musicalta-du-18-au-27-juillet-et-du-28-juillet-au-6-aout\/#breadcrumb"},"inLanguage":"fr-FR","potentialAction":[{"@type":"ReadAction","target":["https:\/\/www.camac-harps.com\/blog\/fr\/non-classifiee\/musicalta-du-18-au-27-juillet-et-du-28-juillet-au-6-aout\/"]}]},{"@type":"ImageObject","inLanguage":"fr-FR","@id":"https:\/\/www.camac-harps.com\/blog\/fr\/non-classifiee\/musicalta-du-18-au-27-juillet-et-du-28-juillet-au-6-aout\/#primaryimage","url":"https:\/\/www.camac-harps.com\/blog\/wp-content\/uploads\/sites\/27\/2016\/06\/etudiants.jpg","contentUrl":"https:\/\/www.camac-harps.com\/blog\/wp-content\/uploads\/sites\/27\/2016\/06\/etudiants.jpg","width":800,"height":400,"caption":"MusicAlta pointing finger"},{"@type":"BreadcrumbList","@id":"https:\/\/www.camac-harps.com\/blog\/fr\/non-classifiee\/musicalta-du-18-au-27-juillet-et-du-28-juillet-au-6-aout\/#breadcrumb","itemListElement":[{"@type":"ListItem","position":1,"name":"Home","item":"https:\/\/www.camac-harps.com\/blog\/fr\/"},{"@type":"ListItem","position":2,"name":"Musicalta : du 18 au 27 juillet, et du 28 juillet au 6 ao\u00fbt"}]},{"@type":"WebSite","@id":"https:\/\/www.camac-harps.com\/blog\/fr\/#website","url":"https:\/\/www.camac-harps.com\/blog\/fr\/","name":"Camac Harps","description":"","potentialAction":[{"@type":"SearchAction","target":{"@type":"EntryPoint","urlTemplate":"https:\/\/www.camac-harps.com\/blog\/fr\/?s={search_term_string}"},"query-input":{"@type":"PropertyValueSpecification","valueRequired":true,"valueName":"search_term_string"}}],"inLanguage":"fr-FR"},{"@type":"Person","@id":"https:\/\/www.camac-harps.com\/blog\/fr\/#\/schema\/person\/59b9e6843c0338179fb914afaf144d22","name":"Helen Leitner","image":{"@type":"ImageObject","inLanguage":"fr-FR","@id":"https:\/\/www.camac-harps.com\/blog\/fr\/#\/schema\/person\/image\/","url":"https:\/\/secure.gravatar.com\/avatar\/ebbebff931219cff4c2d1e25c3229b2e036693f67bf237fb12f452d7a019a6da?s=96&d=mm&r=g","contentUrl":"https:\/\/secure.gravatar.com\/avatar\/ebbebff931219cff4c2d1e25c3229b2e036693f67bf237fb12f452d7a019a6da?s=96&d=mm&r=g","caption":"Helen Leitner"},"url":"https:\/\/www.camac-harps.com\/blog\/fr\/author\/ltnr\/"}]}},"_links":{"self":[{"href":"https:\/\/www.camac-harps.com\/blog\/fr\/wp-json\/wp\/v2\/posts\/4609","targetHints":{"allow":["GET"]}}],"collection":[{"href":"https:\/\/www.camac-harps.com\/blog\/fr\/wp-json\/wp\/v2\/posts"}],"about":[{"href":"https:\/\/www.camac-harps.com\/blog\/fr\/wp-json\/wp\/v2\/types\/post"}],"author":[{"embeddable":true,"href":"https:\/\/www.camac-harps.com\/blog\/fr\/wp-json\/wp\/v2\/users\/3"}],"replies":[{"embeddable":true,"href":"https:\/\/www.camac-harps.com\/blog\/fr\/wp-json\/wp\/v2\/comments?post=4609"}],"version-history":[{"count":4,"href":"https:\/\/www.camac-harps.com\/blog\/fr\/wp-json\/wp\/v2\/posts\/4609\/revisions"}],"predecessor-version":[{"id":20410,"href":"https:\/\/www.camac-harps.com\/blog\/fr\/wp-json\/wp\/v2\/posts\/4609\/revisions\/20410"}],"wp:featuredmedia":[{"embeddable":true,"href":"https:\/\/www.camac-harps.com\/blog\/fr\/wp-json\/wp\/v2\/media\/4582"}],"wp:attachment":[{"href":"https:\/\/www.camac-harps.com\/blog\/fr\/wp-json\/wp\/v2\/media?parent=4609"}],"wp:term":[{"taxonomy":"category","embeddable":true,"href":"https:\/\/www.camac-harps.com\/blog\/fr\/wp-json\/wp\/v2\/categories?post=4609"},{"taxonomy":"post_tag","embeddable":true,"href":"https:\/\/www.camac-harps.com\/blog\/fr\/wp-json\/wp\/v2\/tags?post=4609"}],"curies":[{"name":"wp","href":"https:\/\/api.w.org\/{rel}","templated":true}]}}