{"id":5269,"date":"2016-12-11T14:37:51","date_gmt":"2016-12-11T14:37:51","guid":{"rendered":"http:\/\/www.harpblog.info\/?p=5269"},"modified":"2017-07-01T19:28:21","modified_gmt":"2017-07-01T19:28:21","slug":"les-harpes-camac-remportent-le-prix-image-entreprise-2016","status":"publish","type":"post","link":"https:\/\/www.camac-harps.com\/blog\/fr\/actualites\/les-harpes-camac-remportent-le-prix-image-entreprise-2016\/","title":{"rendered":"Les Harpes Camac remportent le Prix Image Entreprise 2016"},"content":{"rendered":"\n\t\t<style type=\"text\/css\">\n\t\t\t#gallery-1 {\n\t\t\t\tmargin: auto;\n\t\t\t}\n\t\t\t#gallery-1 .gallery-item {\n\t\t\t\tfloat: left;\n\t\t\t\tmargin-top: 10px;\n\t\t\t\ttext-align: center;\n\t\t\t\twidth: 25%;\n\t\t\t}\n\t\t\t#gallery-1 img {\n\t\t\t\tborder: 2px solid #cfcfcf;\n\t\t\t}\n\t\t\t#gallery-1 .gallery-caption {\n\t\t\t\tmargin-left: 0;\n\t\t\t}\n\t\t\t\/* see gallery_shortcode() in wp-includes\/media.php *\/\n\t\t<\/style>\n\t\t<div id='gallery-1' class='gallery galleryid-5269 gallery-columns-4 gallery-size-thumbnail'><dl class='gallery-item'>\n\t\t\t<dt class='gallery-icon landscape'>\n\t\t\t\t<a href='https:\/\/www.camac-harps.com\/blog\/fr\/_mro3086-2\/'><img loading=\"lazy\" decoding=\"async\" width=\"150\" height=\"150\" src=\"https:\/\/www.camac-harps.com\/blog\/wp-content\/uploads\/sites\/27\/2016\/12\/mro3086-150x150.jpg\" class=\"attachment-thumbnail size-thumbnail\" alt=\"\" aria-describedby=\"gallery-1-24291\" \/><\/a>\n\t\t\t<\/dt>\n\t\t\t\t<dd class='wp-caption-text gallery-caption' id='gallery-1-24291'>\n\t\t\t\t\u00a9 Marc ROGER &#8211; marc.roger5@wanadoo.fr\n\t\t\t\t<\/dd><\/dl><dl class='gallery-item'>\n\t\t\t<dt class='gallery-icon landscape'>\n\t\t\t\t<a href='https:\/\/www.camac-harps.com\/blog\/fr\/_mro3028-2\/'><img loading=\"lazy\" decoding=\"async\" width=\"150\" height=\"150\" src=\"https:\/\/www.camac-harps.com\/blog\/wp-content\/uploads\/sites\/27\/2016\/12\/mro3028-150x150.jpg\" class=\"attachment-thumbnail size-thumbnail\" alt=\"\" aria-describedby=\"gallery-1-24290\" \/><\/a>\n\t\t\t<\/dt>\n\t\t\t\t<dd class='wp-caption-text gallery-caption' id='gallery-1-24290'>\n\t\t\t\t\u00a9 Marc ROGER &#8211; marc.roger5@wanadoo.fr\n\t\t\t\t<\/dd><\/dl><dl class='gallery-item'>\n\t\t\t<dt class='gallery-icon landscape'>\n\t\t\t\t<a href='https:\/\/www.camac-harps.com\/blog\/fr\/_mro2924-2\/'><img loading=\"lazy\" decoding=\"async\" width=\"150\" height=\"150\" src=\"https:\/\/www.camac-harps.com\/blog\/wp-content\/uploads\/sites\/27\/2016\/12\/mro2924-150x150.jpg\" class=\"attachment-thumbnail size-thumbnail\" alt=\"\" aria-describedby=\"gallery-1-24288\" \/><\/a>\n\t\t\t<\/dt>\n\t\t\t\t<dd class='wp-caption-text gallery-caption' id='gallery-1-24288'>\n\t\t\t\t\u00a9 Marc ROGER &#8211; marc.roger5@wanadoo.fr\n\t\t\t\t<\/dd><\/dl><dl class='gallery-item'>\n\t\t\t<dt class='gallery-icon landscape'>\n\t\t\t\t<a href='https:\/\/www.camac-harps.com\/blog\/fr\/_mro2933-2\/'><img loading=\"lazy\" decoding=\"async\" width=\"150\" height=\"150\" src=\"https:\/\/www.camac-harps.com\/blog\/wp-content\/uploads\/sites\/27\/2016\/12\/mro2933-150x150.jpg\" class=\"attachment-thumbnail size-thumbnail\" alt=\"\" aria-describedby=\"gallery-1-24289\" \/><\/a>\n\t\t\t<\/dt>\n\t\t\t\t<dd class='wp-caption-text gallery-caption' id='gallery-1-24289'>\n\t\t\t\t\u00a9 Marc ROGER &#8211; marc.roger5@wanadoo.fr\n\t\t\t\t<\/dd><\/dl><br style=\"clear: both\" \/>\n\t\t<\/div>\n\n<p>Nous sommes tr\u00e8s fiers d&rsquo;\u00eatre parmi les laur\u00e9ats du <a href=\"http:\/\/www.prix-image-entreprise.fr\">Prix Image Entreprise 2016<\/a>. Depuis 29 ans, ce prix r\u00e9unit plus de 600 chefs d&rsquo;entreprise et acteurs \u00e9conomiques\u00a0des cinq d\u00e9partements des Pays de la Loire. Lors de cette soir\u00e9e, le jury r\u00e9compense\u00a0les entreprises ayant un ancrage r\u00e9gional affirm\u00e9, un d\u00e9veloppement remarquable,\u00a0des dirigeants engag\u00e9s, une forte capacit\u00e9 d\u2019innovation, ou encore une r\u00e9elle ambition\u00a0de conqu\u00eate \u00e0 l\u2019international.<\/p>\n<p>&nbsp;<\/p>\n","protected":false},"excerpt":{"rendered":"<p>Nous sommes tr\u00e8s fiers d&rsquo;\u00eatre parmi les laur\u00e9ats du Prix Image Entreprise 2016. Depuis 29 ans, ce prix r\u00e9unit plus de 600 chefs d&rsquo;entreprise et acteurs \u00e9conomiques des cinq d\u00e9partements des Pays de la Loire.<\/p>\n","protected":false},"author":3,"featured_media":5265,"comment_status":"open","ping_status":"open","sticky":false,"template":"","format":"standard","meta":{"_acf_changed":false,"footnotes":""},"categories":[533],"tags":[819],"class_list":["post-5269","post","type-post","status-publish","format-standard","has-post-thumbnail","hentry","category-actualites","tag-entreprise"],"acf":[],"yoast_head":"<title>Les Harpes Camac remportent le Prix Image Entreprise 2016 - Camac Harps<\/title>\n<meta name=\"robots\" content=\"index, follow, max-snippet:-1, max-image-preview:large, max-video-preview:-1\" \/>\n<link rel=\"canonical\" href=\"https:\/\/www.camac-harps.com\/blog\/fr\/actualites\/les-harpes-camac-remportent-le-prix-image-entreprise-2016\/\" \/>\n<meta property=\"og:locale\" content=\"fr_FR\" \/>\n<meta property=\"og:type\" content=\"article\" \/>\n<meta property=\"og:title\" content=\"Les Harpes Camac remportent le Prix Image Entreprise 2016 - Camac Harps\" \/>\n<meta property=\"og:description\" content=\"Nous sommes tr\u00e8s fiers d&#039;\u00eatre parmi les laur\u00e9ats du Prix Image Entreprise 2016. Depuis 29 ans, ce prix r\u00e9unit plus de 600 chefs d&#039;entreprise et acteurs \u00e9conomiques des cinq d\u00e9partements des Pays de la Loire.\" \/>\n<meta property=\"og:url\" content=\"https:\/\/www.camac-harps.com\/blog\/fr\/actualites\/les-harpes-camac-remportent-le-prix-image-entreprise-2016\/\" \/>\n<meta property=\"og:site_name\" content=\"Camac Harps\" \/>\n<meta property=\"article:published_time\" content=\"2016-12-11T14:37:51+00:00\" \/>\n<meta property=\"article:modified_time\" content=\"2017-07-01T19:28:21+00:00\" \/>\n<meta property=\"og:image\" content=\"https:\/\/www.camac-harps.com\/blog\/wp-content\/uploads\/sites\/27\/2016\/12\/mro3086.jpg\" \/>\n\t<meta property=\"og:image:width\" content=\"1500\" \/>\n\t<meta property=\"og:image:height\" content=\"1000\" \/>\n\t<meta property=\"og:image:type\" content=\"image\/jpeg\" \/>\n<meta name=\"author\" content=\"Helen Leitner\" \/>\n<meta name=\"twitter:card\" content=\"summary_large_image\" \/>\n<meta name=\"twitter:label1\" content=\"\u00c9crit par\" \/>\n\t<meta name=\"twitter:data1\" content=\"Helen Leitner\" \/>\n<script type=\"application\/ld+json\" class=\"yoast-schema-graph\">{\"@context\":\"https:\/\/schema.org\",\"@graph\":[{\"@type\":\"Article\",\"@id\":\"https:\/\/www.camac-harps.com\/blog\/fr\/actualites\/les-harpes-camac-remportent-le-prix-image-entreprise-2016\/#article\",\"isPartOf\":{\"@id\":\"https:\/\/www.camac-harps.com\/blog\/fr\/actualites\/les-harpes-camac-remportent-le-prix-image-entreprise-2016\/\"},\"author\":{\"name\":\"Helen Leitner\",\"@id\":\"https:\/\/www.camac-harps.com\/blog\/fr\/#\/schema\/person\/59b9e6843c0338179fb914afaf144d22\"},\"headline\":\"Les Harpes Camac remportent le Prix Image Entreprise 2016\",\"datePublished\":\"2016-12-11T14:37:51+00:00\",\"dateModified\":\"2017-07-01T19:28:21+00:00\",\"mainEntityOfPage\":{\"@id\":\"https:\/\/www.camac-harps.com\/blog\/fr\/actualites\/les-harpes-camac-remportent-le-prix-image-entreprise-2016\/\"},\"wordCount\":91,\"commentCount\":0,\"image\":{\"@id\":\"https:\/\/www.camac-harps.com\/blog\/fr\/actualites\/les-harpes-camac-remportent-le-prix-image-entreprise-2016\/#primaryimage\"},\"thumbnailUrl\":\"https:\/\/www.camac-harps.com\/blog\/wp-content\/uploads\/sites\/27\/2016\/12\/mro3086.jpg\",\"keywords\":[\"l'entreprise\"],\"articleSection\":[\"Actualit\u00e9s\"],\"inLanguage\":\"fr-FR\",\"potentialAction\":[{\"@type\":\"CommentAction\",\"name\":\"Comment\",\"target\":[\"https:\/\/www.camac-harps.com\/blog\/fr\/actualites\/les-harpes-camac-remportent-le-prix-image-entreprise-2016\/#respond\"]}]},{\"@type\":\"WebPage\",\"@id\":\"https:\/\/www.camac-harps.com\/blog\/fr\/actualites\/les-harpes-camac-remportent-le-prix-image-entreprise-2016\/\",\"url\":\"https:\/\/www.camac-harps.com\/blog\/fr\/actualites\/les-harpes-camac-remportent-le-prix-image-entreprise-2016\/\",\"name\":\"Les Harpes Camac remportent le Prix Image Entreprise 2016 - Camac Harps\",\"isPartOf\":{\"@id\":\"https:\/\/www.camac-harps.com\/blog\/fr\/#website\"},\"primaryImageOfPage\":{\"@id\":\"https:\/\/www.camac-harps.com\/blog\/fr\/actualites\/les-harpes-camac-remportent-le-prix-image-entreprise-2016\/#primaryimage\"},\"image\":{\"@id\":\"https:\/\/www.camac-harps.com\/blog\/fr\/actualites\/les-harpes-camac-remportent-le-prix-image-entreprise-2016\/#primaryimage\"},\"thumbnailUrl\":\"https:\/\/www.camac-harps.com\/blog\/wp-content\/uploads\/sites\/27\/2016\/12\/mro3086.jpg\",\"datePublished\":\"2016-12-11T14:37:51+00:00\",\"dateModified\":\"2017-07-01T19:28:21+00:00\",\"author\":{\"@id\":\"https:\/\/www.camac-harps.com\/blog\/fr\/#\/schema\/person\/59b9e6843c0338179fb914afaf144d22\"},\"breadcrumb\":{\"@id\":\"https:\/\/www.camac-harps.com\/blog\/fr\/actualites\/les-harpes-camac-remportent-le-prix-image-entreprise-2016\/#breadcrumb\"},\"inLanguage\":\"fr-FR\",\"potentialAction\":[{\"@type\":\"ReadAction\",\"target\":[\"https:\/\/www.camac-harps.com\/blog\/fr\/actualites\/les-harpes-camac-remportent-le-prix-image-entreprise-2016\/\"]}]},{\"@type\":\"ImageObject\",\"inLanguage\":\"fr-FR\",\"@id\":\"https:\/\/www.camac-harps.com\/blog\/fr\/actualites\/les-harpes-camac-remportent-le-prix-image-entreprise-2016\/#primaryimage\",\"url\":\"https:\/\/www.camac-harps.com\/blog\/wp-content\/uploads\/sites\/27\/2016\/12\/mro3086.jpg\",\"contentUrl\":\"https:\/\/www.camac-harps.com\/blog\/wp-content\/uploads\/sites\/27\/2016\/12\/mro3086.jpg\",\"width\":1500,\"height\":1000,\"caption\":\"\u00a9 Marc ROGER - marc.roger5@wanadoo.fr\"},{\"@type\":\"BreadcrumbList\",\"@id\":\"https:\/\/www.camac-harps.com\/blog\/fr\/actualites\/les-harpes-camac-remportent-le-prix-image-entreprise-2016\/#breadcrumb\",\"itemListElement\":[{\"@type\":\"ListItem\",\"position\":1,\"name\":\"Home\",\"item\":\"https:\/\/www.camac-harps.com\/blog\/fr\/\"},{\"@type\":\"ListItem\",\"position\":2,\"name\":\"Les Harpes Camac remportent le Prix Image Entreprise 2016\"}]},{\"@type\":\"WebSite\",\"@id\":\"https:\/\/www.camac-harps.com\/blog\/fr\/#website\",\"url\":\"https:\/\/www.camac-harps.com\/blog\/fr\/\",\"name\":\"Camac Harps\",\"description\":\"\",\"potentialAction\":[{\"@type\":\"SearchAction\",\"target\":{\"@type\":\"EntryPoint\",\"urlTemplate\":\"https:\/\/www.camac-harps.com\/blog\/fr\/?s={search_term_string}\"},\"query-input\":{\"@type\":\"PropertyValueSpecification\",\"valueRequired\":true,\"valueName\":\"search_term_string\"}}],\"inLanguage\":\"fr-FR\"},{\"@type\":\"Person\",\"@id\":\"https:\/\/www.camac-harps.com\/blog\/fr\/#\/schema\/person\/59b9e6843c0338179fb914afaf144d22\",\"name\":\"Helen Leitner\",\"image\":{\"@type\":\"ImageObject\",\"inLanguage\":\"fr-FR\",\"@id\":\"https:\/\/www.camac-harps.com\/blog\/fr\/#\/schema\/person\/image\/\",\"url\":\"https:\/\/secure.gravatar.com\/avatar\/ebbebff931219cff4c2d1e25c3229b2e036693f67bf237fb12f452d7a019a6da?s=96&d=mm&r=g\",\"contentUrl\":\"https:\/\/secure.gravatar.com\/avatar\/ebbebff931219cff4c2d1e25c3229b2e036693f67bf237fb12f452d7a019a6da?s=96&d=mm&r=g\",\"caption\":\"Helen Leitner\"},\"url\":\"https:\/\/www.camac-harps.com\/blog\/fr\/author\/ltnr\/\"}]}<\/script>","yoast_head_json":{"title":"Les Harpes Camac remportent le Prix Image Entreprise 2016 - Camac Harps","robots":{"index":"index","follow":"follow","max-snippet":"max-snippet:-1","max-image-preview":"max-image-preview:large","max-video-preview":"max-video-preview:-1"},"canonical":"https:\/\/www.camac-harps.com\/blog\/fr\/actualites\/les-harpes-camac-remportent-le-prix-image-entreprise-2016\/","og_locale":"fr_FR","og_type":"article","og_title":"Les Harpes Camac remportent le Prix Image Entreprise 2016 - Camac Harps","og_description":"Nous sommes tr\u00e8s fiers d'\u00eatre parmi les laur\u00e9ats du Prix Image Entreprise 2016. Depuis 29 ans, ce prix r\u00e9unit plus de 600 chefs d'entreprise et acteurs \u00e9conomiques des cinq d\u00e9partements des Pays de la Loire.","og_url":"https:\/\/www.camac-harps.com\/blog\/fr\/actualites\/les-harpes-camac-remportent-le-prix-image-entreprise-2016\/","og_site_name":"Camac Harps","article_published_time":"2016-12-11T14:37:51+00:00","article_modified_time":"2017-07-01T19:28:21+00:00","og_image":[{"width":1500,"height":1000,"url":"https:\/\/www.camac-harps.com\/blog\/wp-content\/uploads\/sites\/27\/2016\/12\/mro3086.jpg","type":"image\/jpeg"}],"author":"Helen Leitner","twitter_card":"summary_large_image","twitter_misc":{"\u00c9crit par":"Helen Leitner"},"schema":{"@context":"https:\/\/schema.org","@graph":[{"@type":"Article","@id":"https:\/\/www.camac-harps.com\/blog\/fr\/actualites\/les-harpes-camac-remportent-le-prix-image-entreprise-2016\/#article","isPartOf":{"@id":"https:\/\/www.camac-harps.com\/blog\/fr\/actualites\/les-harpes-camac-remportent-le-prix-image-entreprise-2016\/"},"author":{"name":"Helen Leitner","@id":"https:\/\/www.camac-harps.com\/blog\/fr\/#\/schema\/person\/59b9e6843c0338179fb914afaf144d22"},"headline":"Les Harpes Camac remportent le Prix Image Entreprise 2016","datePublished":"2016-12-11T14:37:51+00:00","dateModified":"2017-07-01T19:28:21+00:00","mainEntityOfPage":{"@id":"https:\/\/www.camac-harps.com\/blog\/fr\/actualites\/les-harpes-camac-remportent-le-prix-image-entreprise-2016\/"},"wordCount":91,"commentCount":0,"image":{"@id":"https:\/\/www.camac-harps.com\/blog\/fr\/actualites\/les-harpes-camac-remportent-le-prix-image-entreprise-2016\/#primaryimage"},"thumbnailUrl":"https:\/\/www.camac-harps.com\/blog\/wp-content\/uploads\/sites\/27\/2016\/12\/mro3086.jpg","keywords":["l'entreprise"],"articleSection":["Actualit\u00e9s"],"inLanguage":"fr-FR","potentialAction":[{"@type":"CommentAction","name":"Comment","target":["https:\/\/www.camac-harps.com\/blog\/fr\/actualites\/les-harpes-camac-remportent-le-prix-image-entreprise-2016\/#respond"]}]},{"@type":"WebPage","@id":"https:\/\/www.camac-harps.com\/blog\/fr\/actualites\/les-harpes-camac-remportent-le-prix-image-entreprise-2016\/","url":"https:\/\/www.camac-harps.com\/blog\/fr\/actualites\/les-harpes-camac-remportent-le-prix-image-entreprise-2016\/","name":"Les Harpes Camac remportent le Prix Image Entreprise 2016 - Camac Harps","isPartOf":{"@id":"https:\/\/www.camac-harps.com\/blog\/fr\/#website"},"primaryImageOfPage":{"@id":"https:\/\/www.camac-harps.com\/blog\/fr\/actualites\/les-harpes-camac-remportent-le-prix-image-entreprise-2016\/#primaryimage"},"image":{"@id":"https:\/\/www.camac-harps.com\/blog\/fr\/actualites\/les-harpes-camac-remportent-le-prix-image-entreprise-2016\/#primaryimage"},"thumbnailUrl":"https:\/\/www.camac-harps.com\/blog\/wp-content\/uploads\/sites\/27\/2016\/12\/mro3086.jpg","datePublished":"2016-12-11T14:37:51+00:00","dateModified":"2017-07-01T19:28:21+00:00","author":{"@id":"https:\/\/www.camac-harps.com\/blog\/fr\/#\/schema\/person\/59b9e6843c0338179fb914afaf144d22"},"breadcrumb":{"@id":"https:\/\/www.camac-harps.com\/blog\/fr\/actualites\/les-harpes-camac-remportent-le-prix-image-entreprise-2016\/#breadcrumb"},"inLanguage":"fr-FR","potentialAction":[{"@type":"ReadAction","target":["https:\/\/www.camac-harps.com\/blog\/fr\/actualites\/les-harpes-camac-remportent-le-prix-image-entreprise-2016\/"]}]},{"@type":"ImageObject","inLanguage":"fr-FR","@id":"https:\/\/www.camac-harps.com\/blog\/fr\/actualites\/les-harpes-camac-remportent-le-prix-image-entreprise-2016\/#primaryimage","url":"https:\/\/www.camac-harps.com\/blog\/wp-content\/uploads\/sites\/27\/2016\/12\/mro3086.jpg","contentUrl":"https:\/\/www.camac-harps.com\/blog\/wp-content\/uploads\/sites\/27\/2016\/12\/mro3086.jpg","width":1500,"height":1000,"caption":"\u00a9 Marc ROGER - marc.roger5@wanadoo.fr"},{"@type":"BreadcrumbList","@id":"https:\/\/www.camac-harps.com\/blog\/fr\/actualites\/les-harpes-camac-remportent-le-prix-image-entreprise-2016\/#breadcrumb","itemListElement":[{"@type":"ListItem","position":1,"name":"Home","item":"https:\/\/www.camac-harps.com\/blog\/fr\/"},{"@type":"ListItem","position":2,"name":"Les Harpes Camac remportent le Prix Image Entreprise 2016"}]},{"@type":"WebSite","@id":"https:\/\/www.camac-harps.com\/blog\/fr\/#website","url":"https:\/\/www.camac-harps.com\/blog\/fr\/","name":"Camac Harps","description":"","potentialAction":[{"@type":"SearchAction","target":{"@type":"EntryPoint","urlTemplate":"https:\/\/www.camac-harps.com\/blog\/fr\/?s={search_term_string}"},"query-input":{"@type":"PropertyValueSpecification","valueRequired":true,"valueName":"search_term_string"}}],"inLanguage":"fr-FR"},{"@type":"Person","@id":"https:\/\/www.camac-harps.com\/blog\/fr\/#\/schema\/person\/59b9e6843c0338179fb914afaf144d22","name":"Helen Leitner","image":{"@type":"ImageObject","inLanguage":"fr-FR","@id":"https:\/\/www.camac-harps.com\/blog\/fr\/#\/schema\/person\/image\/","url":"https:\/\/secure.gravatar.com\/avatar\/ebbebff931219cff4c2d1e25c3229b2e036693f67bf237fb12f452d7a019a6da?s=96&d=mm&r=g","contentUrl":"https:\/\/secure.gravatar.com\/avatar\/ebbebff931219cff4c2d1e25c3229b2e036693f67bf237fb12f452d7a019a6da?s=96&d=mm&r=g","caption":"Helen Leitner"},"url":"https:\/\/www.camac-harps.com\/blog\/fr\/author\/ltnr\/"}]}},"_links":{"self":[{"href":"https:\/\/www.camac-harps.com\/blog\/fr\/wp-json\/wp\/v2\/posts\/5269","targetHints":{"allow":["GET"]}}],"collection":[{"href":"https:\/\/www.camac-harps.com\/blog\/fr\/wp-json\/wp\/v2\/posts"}],"about":[{"href":"https:\/\/www.camac-harps.com\/blog\/fr\/wp-json\/wp\/v2\/types\/post"}],"author":[{"embeddable":true,"href":"https:\/\/www.camac-harps.com\/blog\/fr\/wp-json\/wp\/v2\/users\/3"}],"replies":[{"embeddable":true,"href":"https:\/\/www.camac-harps.com\/blog\/fr\/wp-json\/wp\/v2\/comments?post=5269"}],"version-history":[{"count":2,"href":"https:\/\/www.camac-harps.com\/blog\/fr\/wp-json\/wp\/v2\/posts\/5269\/revisions"}],"predecessor-version":[{"id":20972,"href":"https:\/\/www.camac-harps.com\/blog\/fr\/wp-json\/wp\/v2\/posts\/5269\/revisions\/20972"}],"wp:featuredmedia":[{"embeddable":true,"href":"https:\/\/www.camac-harps.com\/blog\/fr\/wp-json\/wp\/v2\/media\/5265"}],"wp:attachment":[{"href":"https:\/\/www.camac-harps.com\/blog\/fr\/wp-json\/wp\/v2\/media?parent=5269"}],"wp:term":[{"taxonomy":"category","embeddable":true,"href":"https:\/\/www.camac-harps.com\/blog\/fr\/wp-json\/wp\/v2\/categories?post=5269"},{"taxonomy":"post_tag","embeddable":true,"href":"https:\/\/www.camac-harps.com\/blog\/fr\/wp-json\/wp\/v2\/tags?post=5269"}],"curies":[{"name":"wp","href":"https:\/\/api.w.org\/{rel}","templated":true}]}}