{"id":5647,"date":"2017-04-21T18:40:12","date_gmt":"2017-04-21T18:40:12","guid":{"rendered":"http:\/\/www.harpblog.info\/?p=5647"},"modified":"2017-07-01T08:29:17","modified_gmt":"2017-07-01T08:29:17","slug":"la-harpe-a-lhonneur-en-indonesie","status":"publish","type":"post","link":"https:\/\/www.camac-harps.com\/blog\/fr\/actualites\/la-harpe-a-lhonneur-en-indonesie\/","title":{"rendered":"La harpe \u00e0 l&rsquo;honneur en Indon\u00e9sie"},"content":{"rendered":"<p><a href=\"https:\/\/www.camac-harps.com\/wp-content\/uploads\/sites\/27\/2017\/03\/concert-poster.jpg\"><img loading=\"lazy\" decoding=\"async\" class=\"alignleft size-medium wp-image-5504\" src=\"https:\/\/www.camac-harps.com\/wp-content\/uploads\/sites\/27\/2017\/03\/concert-poster-212x300.jpg\" alt=\"Jazz in Indonesia\" width=\"212\" height=\"300\" srcset=\"https:\/\/www.camac-harps.com\/blog\/wp-content\/uploads\/sites\/27\/2017\/03\/concert-poster-212x300.jpg 212w, https:\/\/www.camac-harps.com\/blog\/wp-content\/uploads\/sites\/27\/2017\/03\/concert-poster-300x425.jpg 300w, https:\/\/www.camac-harps.com\/blog\/wp-content\/uploads\/sites\/27\/2017\/03\/concert-poster-55x78.jpg 55w, https:\/\/www.camac-harps.com\/blog\/wp-content\/uploads\/sites\/27\/2017\/03\/concert-poster-250x354.jpg 250w, https:\/\/www.camac-harps.com\/blog\/wp-content\/uploads\/sites\/27\/2017\/03\/concert-poster.jpg 565w\" sizes=\"auto, (max-width: 212px) 100vw, 212px\" \/><\/a>Un grand merci \u00e0 Heidi Awuy, notre\u00a0<a href=\"https:\/\/www.camac-harps.com\/blog\/fr\/indonesia\/\">partenaire en Indon\u00e9sie<\/a>\u00a0de nous avoir fait parvenir cet article sur le \u00ab\u00a0Harp Weekend\u00a0\u00bb\u00a0qu&rsquo;ils ont organis\u00e9 derni\u00e8rement ! Cet \u00e9v\u00e9nement proposait notamment un concert classique et jazz avec Jakez Fran\u00e7ois.<\/p>\n<p>\u00ab\u00a0L&rsquo;Orient rencontre l&rsquo;Occident, et le classique rencontre le jazz&#8230; \u00e0 la harpe ! Ce week-end autour de la harpe a d\u00e9but\u00e9 avec un concert classique et jazz m\u00e9morable, premier \u00e9v\u00e9nement de la sorte \u00e0 Jakarta en Indon\u00e9sie. Le public \u00e9tait enthousiaste et tr\u00e8s curieux de voir comment sonne le jazz \u00e0 la harpe.\u00a0Katryna Tan a ouvert le concert avec un r\u00e9pertoire classique, commen\u00e7ant avec\u00a0\u201cClair de Lune\u201d et terminant avec une pi\u00e8ce en duo de harpes avec Heidi Awuy. Ensuite, Jakez Fran\u00e7ois a jou\u00e9 des morceaux de jazz en solo sur la magnifique\u00a0<a href=\"https:\/\/www.camac-harps.com\/blog\/en\/harps-en\/electric\/the-big-blue-47\/\">Harpe Bleue<\/a>, puis un duo avec\u00a0Iswara Giovani au piano (\u201cSummertime\u201d). Le concert s&rsquo;est termin\u00e9 par un incroyable bis o\u00f9 les quatre musiciens (trois harpistes et un pianiste) se sont retrouv\u00e9s pour jouer \u201cTake Five\u201d.<\/p>\n<p>Les jours suivants, les harpistes ont particip\u00e9 \u00e0 des master-classes. Au sein du \u00ab\u00a0Jazz Workshop\u00a0\u00bb men\u00e9 par Jakez Fran\u00e7ois, les\u00a0harpistes ont explor\u00e9 le jazz sur leur instrument, et ont ensuite mis en pratique ce qu&rsquo;ils avaient appris en ensemble de harpe. L&rsquo;atelier de\u00a0Katryna Tan, \u201cUnleash the Harpist in You\u201d, a permis aux stagiaires de comprendre comment r\u00e9ussir \u00e0 \u00ab\u00a0passer au niveau sup\u00e9rieur\u00a0\u00bb en tant que harpiste. Elle y a expliqu\u00e9 ce que\u00a0les harpistes doivent faire valoir afin de faire ressortir le meilleur d&rsquo;eux-m\u00eames, en particulier pour permettre un travail personnel efficace.<\/p>\n<div id=\"attachment_5635\" class=\"wp-caption alignright\" style=\"width: 300px\"><a href=\"https:\/\/www.camac-harps.com\/wp-content\/uploads\/sites\/27\/2017\/04\/17626421_1873738532869466_2371934865809079250_n.jpg\"><img loading=\"lazy\" decoding=\"async\" class=\"size-medium wp-image-5635\" src=\"https:\/\/www.camac-harps.com\/wp-content\/uploads\/sites\/27\/2017\/04\/17626421_1873738532869466_2371934865809079250_n-300x200.jpg\" alt=\"Jakarta Harp Weekend\" width=\"300\" height=\"200\" srcset=\"https:\/\/www.camac-harps.com\/blog\/wp-content\/uploads\/sites\/27\/2017\/04\/17626421_1873738532869466_2371934865809079250_n-300x200.jpg 300w, https:\/\/www.camac-harps.com\/blog\/wp-content\/uploads\/sites\/27\/2017\/04\/17626421_1873738532869466_2371934865809079250_n-800x533.jpg 800w, https:\/\/www.camac-harps.com\/blog\/wp-content\/uploads\/sites\/27\/2017\/04\/17626421_1873738532869466_2371934865809079250_n-768x512.jpg 768w, https:\/\/www.camac-harps.com\/blog\/wp-content\/uploads\/sites\/27\/2017\/04\/17626421_1873738532869466_2371934865809079250_n-55x37.jpg 55w, https:\/\/www.camac-harps.com\/blog\/wp-content\/uploads\/sites\/27\/2017\/04\/17626421_1873738532869466_2371934865809079250_n-250x167.jpg 250w, https:\/\/www.camac-harps.com\/blog\/wp-content\/uploads\/sites\/27\/2017\/04\/17626421_1873738532869466_2371934865809079250_n.jpg 960w\" sizes=\"auto, (max-width: 300px) 100vw, 300px\" \/><\/a><p class=\"wp-caption-text\">Heidi Awuy, Katryna Tan, Jakez Fran\u00e7ois<\/p><\/div>\n<p>Le \u00ab\u00a0Harp Weekend\u00a0\u00bb a pris fin le dimanche. Tous les harpistes qui avaient suivi les ateliers se sont retrouv\u00e9s pour un mini-concert, afin de montrer \u00e0 leurs familles ce qu&rsquo;il avaient appris au cours de ces deux jours. Nous avons pu appr\u00e9cier de tr\u00e8s belles prestations et constater que tout le monde avait en effet beaucoup appris ! C&rsquo;\u00e9tait un merveilleux moment. C&rsquo;est fantastique de voir combien la communaut\u00e9 harpistique en Indon\u00e9sie ne cesse de grandir et de s&rsquo;\u00e9panouir, et nous attendons avec impatience le prochain \u00ab\u00a0Harp Weekend\u00a0\u00bb !<\/p>\n<p>Cet \u00e9v\u00e9nement \u00e9tait organis\u00e9 par la \u00ab\u00a0Heidi Awuy School of Harp, Indonesia\u00a0\u00bb, en collaboration avec\u00a0<a href=\"http:\/\/camas-harps.com\">Camac Harps France<\/a> et\u00a0<a href=\"http:\/\/sg.camac-harps.com\">Camac\u00a0Singapore<\/a>\/<a href=\"http:\/\/www.raveharps.com\">Rave Harps Singapore<\/a>.\u00a0\u00bb<\/p>\n<p style=\"text-align: right;\"><em>Heidi Awuy<\/em><\/p>\n","protected":false},"excerpt":{"rendered":"<p>Un grand merci \u00e0 Heidi Awuy, notre partenaire en Indon\u00e9sie de nous avoir fait parvenir cet article sur le \u00ab\u00a0Harp Weekend\u00a0\u00bb qu&rsquo;ils ont organis\u00e9 derni\u00e8rement ! Cet \u00e9v\u00e9nement proposait notamment un concert classique et jazz avec Jakez Fran\u00e7ois.<\/p>\n","protected":false},"author":3,"featured_media":5635,"comment_status":"open","ping_status":"open","sticky":false,"template":"","format":"standard","meta":{"_acf_changed":false,"footnotes":""},"categories":[533],"tags":[790,787,791],"class_list":["post-5647","post","type-post","status-publish","format-standard","has-post-thumbnail","hentry","category-actualites","tag-camac-dans-le-monde","tag-festivals","tag-vos-projets"],"acf":[],"yoast_head":"<title>La harpe \u00e0 l&#039;honneur en Indon\u00e9sie - Camac Harps<\/title>\n<meta name=\"robots\" content=\"index, follow, max-snippet:-1, max-image-preview:large, max-video-preview:-1\" \/>\n<link rel=\"canonical\" href=\"https:\/\/www.camac-harps.com\/blog\/fr\/actualites\/la-harpe-a-lhonneur-en-indonesie\/\" \/>\n<meta property=\"og:locale\" content=\"fr_FR\" \/>\n<meta property=\"og:type\" content=\"article\" \/>\n<meta property=\"og:title\" content=\"La harpe \u00e0 l&#039;honneur en Indon\u00e9sie - Camac Harps\" \/>\n<meta property=\"og:description\" content=\"Un grand merci \u00e0 Heidi Awuy, notre partenaire en Indon\u00e9sie de nous avoir fait parvenir cet article sur le &quot;Harp Weekend&quot; qu&#039;ils ont organis\u00e9 derni\u00e8rement ! Cet \u00e9v\u00e9nement proposait notamment un concert classique et jazz avec Jakez Fran\u00e7ois.\" \/>\n<meta property=\"og:url\" content=\"https:\/\/www.camac-harps.com\/blog\/fr\/actualites\/la-harpe-a-lhonneur-en-indonesie\/\" \/>\n<meta property=\"og:site_name\" content=\"Camac Harps\" \/>\n<meta property=\"article:published_time\" content=\"2017-04-21T18:40:12+00:00\" \/>\n<meta property=\"article:modified_time\" content=\"2017-07-01T08:29:17+00:00\" \/>\n<meta property=\"og:image\" content=\"https:\/\/www.camac-harps.com\/blog\/wp-content\/uploads\/sites\/27\/2017\/04\/17626421_1873738532869466_2371934865809079250_n.jpg\" \/>\n\t<meta property=\"og:image:width\" content=\"960\" \/>\n\t<meta property=\"og:image:height\" content=\"640\" \/>\n\t<meta property=\"og:image:type\" content=\"image\/jpeg\" \/>\n<meta name=\"author\" content=\"Helen Leitner\" \/>\n<meta name=\"twitter:card\" content=\"summary_large_image\" \/>\n<meta name=\"twitter:label1\" content=\"\u00c9crit par\" \/>\n\t<meta name=\"twitter:data1\" content=\"Helen Leitner\" \/>\n\t<meta name=\"twitter:label2\" content=\"Dur\u00e9e de lecture estim\u00e9e\" \/>\n\t<meta name=\"twitter:data2\" content=\"2 minutes\" \/>\n<script type=\"application\/ld+json\" class=\"yoast-schema-graph\">{\"@context\":\"https:\/\/schema.org\",\"@graph\":[{\"@type\":\"Article\",\"@id\":\"https:\/\/www.camac-harps.com\/blog\/fr\/actualites\/la-harpe-a-lhonneur-en-indonesie\/#article\",\"isPartOf\":{\"@id\":\"https:\/\/www.camac-harps.com\/blog\/fr\/actualites\/la-harpe-a-lhonneur-en-indonesie\/\"},\"author\":{\"name\":\"Helen Leitner\",\"@id\":\"https:\/\/www.camac-harps.com\/blog\/fr\/#\/schema\/person\/59b9e6843c0338179fb914afaf144d22\"},\"headline\":\"La harpe \u00e0 l&rsquo;honneur en Indon\u00e9sie\",\"datePublished\":\"2017-04-21T18:40:12+00:00\",\"dateModified\":\"2017-07-01T08:29:17+00:00\",\"mainEntityOfPage\":{\"@id\":\"https:\/\/www.camac-harps.com\/blog\/fr\/actualites\/la-harpe-a-lhonneur-en-indonesie\/\"},\"wordCount\":420,\"commentCount\":0,\"image\":{\"@id\":\"https:\/\/www.camac-harps.com\/blog\/fr\/actualites\/la-harpe-a-lhonneur-en-indonesie\/#primaryimage\"},\"thumbnailUrl\":\"https:\/\/www.camac-harps.com\/blog\/wp-content\/uploads\/sites\/27\/2017\/04\/17626421_1873738532869466_2371934865809079250_n.jpg\",\"keywords\":[\"Camac dans le monde\",\"festivals\",\"vos projets\"],\"articleSection\":[\"Actualit\u00e9s\"],\"inLanguage\":\"fr-FR\",\"potentialAction\":[{\"@type\":\"CommentAction\",\"name\":\"Comment\",\"target\":[\"https:\/\/www.camac-harps.com\/blog\/fr\/actualites\/la-harpe-a-lhonneur-en-indonesie\/#respond\"]}]},{\"@type\":\"WebPage\",\"@id\":\"https:\/\/www.camac-harps.com\/blog\/fr\/actualites\/la-harpe-a-lhonneur-en-indonesie\/\",\"url\":\"https:\/\/www.camac-harps.com\/blog\/fr\/actualites\/la-harpe-a-lhonneur-en-indonesie\/\",\"name\":\"La harpe \u00e0 l'honneur en Indon\u00e9sie - Camac Harps\",\"isPartOf\":{\"@id\":\"https:\/\/www.camac-harps.com\/blog\/fr\/#website\"},\"primaryImageOfPage\":{\"@id\":\"https:\/\/www.camac-harps.com\/blog\/fr\/actualites\/la-harpe-a-lhonneur-en-indonesie\/#primaryimage\"},\"image\":{\"@id\":\"https:\/\/www.camac-harps.com\/blog\/fr\/actualites\/la-harpe-a-lhonneur-en-indonesie\/#primaryimage\"},\"thumbnailUrl\":\"https:\/\/www.camac-harps.com\/blog\/wp-content\/uploads\/sites\/27\/2017\/04\/17626421_1873738532869466_2371934865809079250_n.jpg\",\"datePublished\":\"2017-04-21T18:40:12+00:00\",\"dateModified\":\"2017-07-01T08:29:17+00:00\",\"author\":{\"@id\":\"https:\/\/www.camac-harps.com\/blog\/fr\/#\/schema\/person\/59b9e6843c0338179fb914afaf144d22\"},\"breadcrumb\":{\"@id\":\"https:\/\/www.camac-harps.com\/blog\/fr\/actualites\/la-harpe-a-lhonneur-en-indonesie\/#breadcrumb\"},\"inLanguage\":\"fr-FR\",\"potentialAction\":[{\"@type\":\"ReadAction\",\"target\":[\"https:\/\/www.camac-harps.com\/blog\/fr\/actualites\/la-harpe-a-lhonneur-en-indonesie\/\"]}]},{\"@type\":\"ImageObject\",\"inLanguage\":\"fr-FR\",\"@id\":\"https:\/\/www.camac-harps.com\/blog\/fr\/actualites\/la-harpe-a-lhonneur-en-indonesie\/#primaryimage\",\"url\":\"https:\/\/www.camac-harps.com\/blog\/wp-content\/uploads\/sites\/27\/2017\/04\/17626421_1873738532869466_2371934865809079250_n.jpg\",\"contentUrl\":\"https:\/\/www.camac-harps.com\/blog\/wp-content\/uploads\/sites\/27\/2017\/04\/17626421_1873738532869466_2371934865809079250_n.jpg\",\"width\":960,\"height\":640,\"caption\":\"Heidi Awuy, Katryna Tan, Jakez Fran\u00e7ois\"},{\"@type\":\"BreadcrumbList\",\"@id\":\"https:\/\/www.camac-harps.com\/blog\/fr\/actualites\/la-harpe-a-lhonneur-en-indonesie\/#breadcrumb\",\"itemListElement\":[{\"@type\":\"ListItem\",\"position\":1,\"name\":\"Home\",\"item\":\"https:\/\/www.camac-harps.com\/blog\/fr\/\"},{\"@type\":\"ListItem\",\"position\":2,\"name\":\"La harpe \u00e0 l&rsquo;honneur en Indon\u00e9sie\"}]},{\"@type\":\"WebSite\",\"@id\":\"https:\/\/www.camac-harps.com\/blog\/fr\/#website\",\"url\":\"https:\/\/www.camac-harps.com\/blog\/fr\/\",\"name\":\"Camac Harps\",\"description\":\"\",\"potentialAction\":[{\"@type\":\"SearchAction\",\"target\":{\"@type\":\"EntryPoint\",\"urlTemplate\":\"https:\/\/www.camac-harps.com\/blog\/fr\/?s={search_term_string}\"},\"query-input\":{\"@type\":\"PropertyValueSpecification\",\"valueRequired\":true,\"valueName\":\"search_term_string\"}}],\"inLanguage\":\"fr-FR\"},{\"@type\":\"Person\",\"@id\":\"https:\/\/www.camac-harps.com\/blog\/fr\/#\/schema\/person\/59b9e6843c0338179fb914afaf144d22\",\"name\":\"Helen Leitner\",\"image\":{\"@type\":\"ImageObject\",\"inLanguage\":\"fr-FR\",\"@id\":\"https:\/\/www.camac-harps.com\/blog\/fr\/#\/schema\/person\/image\/\",\"url\":\"https:\/\/secure.gravatar.com\/avatar\/ebbebff931219cff4c2d1e25c3229b2e036693f67bf237fb12f452d7a019a6da?s=96&d=mm&r=g\",\"contentUrl\":\"https:\/\/secure.gravatar.com\/avatar\/ebbebff931219cff4c2d1e25c3229b2e036693f67bf237fb12f452d7a019a6da?s=96&d=mm&r=g\",\"caption\":\"Helen Leitner\"},\"url\":\"https:\/\/www.camac-harps.com\/blog\/fr\/author\/ltnr\/\"}]}<\/script>","yoast_head_json":{"title":"La harpe \u00e0 l'honneur en Indon\u00e9sie - Camac Harps","robots":{"index":"index","follow":"follow","max-snippet":"max-snippet:-1","max-image-preview":"max-image-preview:large","max-video-preview":"max-video-preview:-1"},"canonical":"https:\/\/www.camac-harps.com\/blog\/fr\/actualites\/la-harpe-a-lhonneur-en-indonesie\/","og_locale":"fr_FR","og_type":"article","og_title":"La harpe \u00e0 l'honneur en Indon\u00e9sie - Camac Harps","og_description":"Un grand merci \u00e0 Heidi Awuy, notre partenaire en Indon\u00e9sie de nous avoir fait parvenir cet article sur le \"Harp Weekend\" qu'ils ont organis\u00e9 derni\u00e8rement ! Cet \u00e9v\u00e9nement proposait notamment un concert classique et jazz avec Jakez Fran\u00e7ois.","og_url":"https:\/\/www.camac-harps.com\/blog\/fr\/actualites\/la-harpe-a-lhonneur-en-indonesie\/","og_site_name":"Camac Harps","article_published_time":"2017-04-21T18:40:12+00:00","article_modified_time":"2017-07-01T08:29:17+00:00","og_image":[{"width":960,"height":640,"url":"https:\/\/www.camac-harps.com\/blog\/wp-content\/uploads\/sites\/27\/2017\/04\/17626421_1873738532869466_2371934865809079250_n.jpg","type":"image\/jpeg"}],"author":"Helen Leitner","twitter_card":"summary_large_image","twitter_misc":{"\u00c9crit par":"Helen Leitner","Dur\u00e9e de lecture estim\u00e9e":"2 minutes"},"schema":{"@context":"https:\/\/schema.org","@graph":[{"@type":"Article","@id":"https:\/\/www.camac-harps.com\/blog\/fr\/actualites\/la-harpe-a-lhonneur-en-indonesie\/#article","isPartOf":{"@id":"https:\/\/www.camac-harps.com\/blog\/fr\/actualites\/la-harpe-a-lhonneur-en-indonesie\/"},"author":{"name":"Helen Leitner","@id":"https:\/\/www.camac-harps.com\/blog\/fr\/#\/schema\/person\/59b9e6843c0338179fb914afaf144d22"},"headline":"La harpe \u00e0 l&rsquo;honneur en Indon\u00e9sie","datePublished":"2017-04-21T18:40:12+00:00","dateModified":"2017-07-01T08:29:17+00:00","mainEntityOfPage":{"@id":"https:\/\/www.camac-harps.com\/blog\/fr\/actualites\/la-harpe-a-lhonneur-en-indonesie\/"},"wordCount":420,"commentCount":0,"image":{"@id":"https:\/\/www.camac-harps.com\/blog\/fr\/actualites\/la-harpe-a-lhonneur-en-indonesie\/#primaryimage"},"thumbnailUrl":"https:\/\/www.camac-harps.com\/blog\/wp-content\/uploads\/sites\/27\/2017\/04\/17626421_1873738532869466_2371934865809079250_n.jpg","keywords":["Camac dans le monde","festivals","vos projets"],"articleSection":["Actualit\u00e9s"],"inLanguage":"fr-FR","potentialAction":[{"@type":"CommentAction","name":"Comment","target":["https:\/\/www.camac-harps.com\/blog\/fr\/actualites\/la-harpe-a-lhonneur-en-indonesie\/#respond"]}]},{"@type":"WebPage","@id":"https:\/\/www.camac-harps.com\/blog\/fr\/actualites\/la-harpe-a-lhonneur-en-indonesie\/","url":"https:\/\/www.camac-harps.com\/blog\/fr\/actualites\/la-harpe-a-lhonneur-en-indonesie\/","name":"La harpe \u00e0 l'honneur en Indon\u00e9sie - Camac Harps","isPartOf":{"@id":"https:\/\/www.camac-harps.com\/blog\/fr\/#website"},"primaryImageOfPage":{"@id":"https:\/\/www.camac-harps.com\/blog\/fr\/actualites\/la-harpe-a-lhonneur-en-indonesie\/#primaryimage"},"image":{"@id":"https:\/\/www.camac-harps.com\/blog\/fr\/actualites\/la-harpe-a-lhonneur-en-indonesie\/#primaryimage"},"thumbnailUrl":"https:\/\/www.camac-harps.com\/blog\/wp-content\/uploads\/sites\/27\/2017\/04\/17626421_1873738532869466_2371934865809079250_n.jpg","datePublished":"2017-04-21T18:40:12+00:00","dateModified":"2017-07-01T08:29:17+00:00","author":{"@id":"https:\/\/www.camac-harps.com\/blog\/fr\/#\/schema\/person\/59b9e6843c0338179fb914afaf144d22"},"breadcrumb":{"@id":"https:\/\/www.camac-harps.com\/blog\/fr\/actualites\/la-harpe-a-lhonneur-en-indonesie\/#breadcrumb"},"inLanguage":"fr-FR","potentialAction":[{"@type":"ReadAction","target":["https:\/\/www.camac-harps.com\/blog\/fr\/actualites\/la-harpe-a-lhonneur-en-indonesie\/"]}]},{"@type":"ImageObject","inLanguage":"fr-FR","@id":"https:\/\/www.camac-harps.com\/blog\/fr\/actualites\/la-harpe-a-lhonneur-en-indonesie\/#primaryimage","url":"https:\/\/www.camac-harps.com\/blog\/wp-content\/uploads\/sites\/27\/2017\/04\/17626421_1873738532869466_2371934865809079250_n.jpg","contentUrl":"https:\/\/www.camac-harps.com\/blog\/wp-content\/uploads\/sites\/27\/2017\/04\/17626421_1873738532869466_2371934865809079250_n.jpg","width":960,"height":640,"caption":"Heidi Awuy, Katryna Tan, Jakez Fran\u00e7ois"},{"@type":"BreadcrumbList","@id":"https:\/\/www.camac-harps.com\/blog\/fr\/actualites\/la-harpe-a-lhonneur-en-indonesie\/#breadcrumb","itemListElement":[{"@type":"ListItem","position":1,"name":"Home","item":"https:\/\/www.camac-harps.com\/blog\/fr\/"},{"@type":"ListItem","position":2,"name":"La harpe \u00e0 l&rsquo;honneur en Indon\u00e9sie"}]},{"@type":"WebSite","@id":"https:\/\/www.camac-harps.com\/blog\/fr\/#website","url":"https:\/\/www.camac-harps.com\/blog\/fr\/","name":"Camac Harps","description":"","potentialAction":[{"@type":"SearchAction","target":{"@type":"EntryPoint","urlTemplate":"https:\/\/www.camac-harps.com\/blog\/fr\/?s={search_term_string}"},"query-input":{"@type":"PropertyValueSpecification","valueRequired":true,"valueName":"search_term_string"}}],"inLanguage":"fr-FR"},{"@type":"Person","@id":"https:\/\/www.camac-harps.com\/blog\/fr\/#\/schema\/person\/59b9e6843c0338179fb914afaf144d22","name":"Helen Leitner","image":{"@type":"ImageObject","inLanguage":"fr-FR","@id":"https:\/\/www.camac-harps.com\/blog\/fr\/#\/schema\/person\/image\/","url":"https:\/\/secure.gravatar.com\/avatar\/ebbebff931219cff4c2d1e25c3229b2e036693f67bf237fb12f452d7a019a6da?s=96&d=mm&r=g","contentUrl":"https:\/\/secure.gravatar.com\/avatar\/ebbebff931219cff4c2d1e25c3229b2e036693f67bf237fb12f452d7a019a6da?s=96&d=mm&r=g","caption":"Helen Leitner"},"url":"https:\/\/www.camac-harps.com\/blog\/fr\/author\/ltnr\/"}]}},"_links":{"self":[{"href":"https:\/\/www.camac-harps.com\/blog\/fr\/wp-json\/wp\/v2\/posts\/5647","targetHints":{"allow":["GET"]}}],"collection":[{"href":"https:\/\/www.camac-harps.com\/blog\/fr\/wp-json\/wp\/v2\/posts"}],"about":[{"href":"https:\/\/www.camac-harps.com\/blog\/fr\/wp-json\/wp\/v2\/types\/post"}],"author":[{"embeddable":true,"href":"https:\/\/www.camac-harps.com\/blog\/fr\/wp-json\/wp\/v2\/users\/3"}],"replies":[{"embeddable":true,"href":"https:\/\/www.camac-harps.com\/blog\/fr\/wp-json\/wp\/v2\/comments?post=5647"}],"version-history":[{"count":4,"href":"https:\/\/www.camac-harps.com\/blog\/fr\/wp-json\/wp\/v2\/posts\/5647\/revisions"}],"predecessor-version":[{"id":20926,"href":"https:\/\/www.camac-harps.com\/blog\/fr\/wp-json\/wp\/v2\/posts\/5647\/revisions\/20926"}],"wp:featuredmedia":[{"embeddable":true,"href":"https:\/\/www.camac-harps.com\/blog\/fr\/wp-json\/wp\/v2\/media\/5635"}],"wp:attachment":[{"href":"https:\/\/www.camac-harps.com\/blog\/fr\/wp-json\/wp\/v2\/media?parent=5647"}],"wp:term":[{"taxonomy":"category","embeddable":true,"href":"https:\/\/www.camac-harps.com\/blog\/fr\/wp-json\/wp\/v2\/categories?post=5647"},{"taxonomy":"post_tag","embeddable":true,"href":"https:\/\/www.camac-harps.com\/blog\/fr\/wp-json\/wp\/v2\/tags?post=5647"}],"curies":[{"name":"wp","href":"https:\/\/api.w.org\/{rel}","templated":true}]}}