{"id":912,"date":"2015-06-11T08:31:09","date_gmt":"2015-06-11T08:31:09","guid":{"rendered":"http:\/\/www.harpblog.info\/?p=912"},"modified":"2017-07-01T19:27:46","modified_gmt":"2017-07-01T19:27:46","slug":"une-harpe-miroir-pour-caroline-lizotte","status":"publish","type":"post","link":"https:\/\/www.camac-harps.com\/blog\/fr\/actualites\/une-harpe-miroir-pour-caroline-lizotte\/","title":{"rendered":"Une harpe-miroir pour Caroline Lizotte"},"content":{"rendered":"<p>Nous sommes tr\u00e8s fiers d&rsquo;avoir cr\u00e9\u00e9 pour <a href=\"http:\/\/www.calyane.com\/fr\/\" target=\"_blank\" rel=\"noopener\">Caroline Lizotte<\/a>\u00a0une harpe de concert hors du commun : une <a href=\"https:\/\/www.camac-harps.com\/blog\/fr\/harpes\/harpes-electriques\/the-big-blue-47\" target=\"_blank\" rel=\"noopener\">Big Blue<\/a> \u00e9lectroacoustique \u00e0 la finition chrom\u00e9e, lisse et pure comme un miroir. Quand la harpe est arriv\u00e9e \u00e0 Montr\u00e9al, Caroline a \u00e9crit \u00e0 Jakez : \u00ab\u00a0\u00c7a fait maintenant trois jours que je me fonds dans son reflet, en me rappelant combien j&rsquo;ai\u00a0eu de la chance\u00a0de pouvoir collaborer avec toi sur\u00a0ce projet fou ! Et tu dois en \u00eatre fier aussi. Tu as toute ma reconnaissance et mon admiration. Cette harpe repr\u00e9sente parfaitement notre amiti\u00e9, notre d\u00e9termination, notre audace et notre libert\u00e9 !\u00a0\u00bb<\/p>\n<div id=\"attachment_677\" class=\"wp-caption alignright\" style=\"width: 300px\"><a href=\"https:\/\/www.camac-harps.com\/wp-content\/uploads\/sites\/27\/2015\/04\/6a00d8341d450753ef01b8d0aedd14970c-500wi.jpg\"><img loading=\"lazy\" decoding=\"async\" class=\"wp-image-677 size-medium\" src=\"https:\/\/www.camac-harps.com\/wp-content\/uploads\/sites\/27\/2015\/04\/6a00d8341d450753ef01b8d0aedd14970c-500wi-300x225.jpg\" alt=\"Jakez and Caroline outside our ateliers in Mouzeil\" width=\"300\" height=\"225\" srcset=\"https:\/\/www.camac-harps.com\/blog\/wp-content\/uploads\/sites\/27\/2015\/04\/6a00d8341d450753ef01b8d0aedd14970c-500wi-300x225.jpg 300w, https:\/\/www.camac-harps.com\/blog\/wp-content\/uploads\/sites\/27\/2015\/04\/6a00d8341d450753ef01b8d0aedd14970c-500wi-55x41.jpg 55w, https:\/\/www.camac-harps.com\/blog\/wp-content\/uploads\/sites\/27\/2015\/04\/6a00d8341d450753ef01b8d0aedd14970c-500wi-250x188.jpg 250w, https:\/\/www.camac-harps.com\/blog\/wp-content\/uploads\/sites\/27\/2015\/04\/6a00d8341d450753ef01b8d0aedd14970c-500wi.jpg 500w\" sizes=\"auto, (max-width: 300px) 100vw, 300px\" \/><\/a><p class=\"wp-caption-text\">Jakez et\u00a0Caroline devant nos\u00a0ateliers \u00e0 Mouzeil<\/p><\/div>\n<p>Nous r\u00e9alisons des harpes chrom\u00e9es depuis un moment d\u00e9j\u00e0, mais la finition de celle de Caroline repr\u00e9sentait un challenge particulier de par l&rsquo;effet de miroir clair et limpide que nous recherchions. Ce serait mentir que de dire que ce projet fut men\u00e9 \u00e0 bien en peu de temps, mais le r\u00e9sultat valait la peine d&rsquo;attendre. Caroline continue : \u00ab\u00a0Tu sais bien qu&rsquo;avant de la brancher je n&rsquo;ai pas pu m&#8217;emp\u00eacher de l&rsquo;explorer acoustiquement et j&rsquo;avoue \u00eatre tr\u00e8s impressionn\u00e9e par\u00a0sa sonorit\u00e9. Les basses sont profondes et ont une identit\u00e9, j&rsquo;adore le m\u00e9dium &#8211; il est absolument exquis, puis l&rsquo;aigu qui m&rsquo;appara\u00eet plus discret, laisse de la souplesse aux \u00e9ventuels traitements.<\/p>\n<p>Et puis que dire une fois\u00a0branch\u00e9e ! J&rsquo;ai retrouv\u00e9 depuis ces quelques jours le bonheur intense que j&rsquo;ai v\u00e9cu \u00e0 Vancouver en 2011 &#8211; je retrouve enfin la puissance de cette harpe, qui peut meubler \u00e0 elle seule le Forum de Montr\u00e9al !<\/p>\n<p>J&rsquo;en suis maintenant \u00e0 me familiariser avec son c\u00f4t\u00e9\u00a0\u00e9lectrique, avec les incroyables possibilit\u00e9s des 4 sorties. J&rsquo;en ai pour des lunes \u00e0 apprivoiser sa\u00a0technique et sa physique, et m&rsquo;en\u00a0voil\u00e0\u00a0bienheureuse!\u00a0\u00bb<\/p>\n<p>&nbsp;<\/p>\n<div id=\"attachment_678\" class=\"wp-caption alignleft\" style=\"width: 225px\"><a href=\"https:\/\/www.camac-harps.com\/wp-content\/uploads\/sites\/27\/2015\/04\/6a00d8341d450753ef01b8d098384a970c-500wi.jpg\"><img loading=\"lazy\" decoding=\"async\" class=\"wp-image-678 size-medium\" src=\"https:\/\/www.camac-harps.com\/wp-content\/uploads\/sites\/27\/2015\/04\/6a00d8341d450753ef01b8d098384a970c-500wi-225x300.jpg\" alt=\"The &quot;Mirror Harp&quot; safely arrived in the Maison Symphonique, Montreal \" width=\"225\" height=\"300\" srcset=\"https:\/\/www.camac-harps.com\/blog\/wp-content\/uploads\/sites\/27\/2015\/04\/6a00d8341d450753ef01b8d098384a970c-500wi-225x300.jpg 225w, https:\/\/www.camac-harps.com\/blog\/wp-content\/uploads\/sites\/27\/2015\/04\/6a00d8341d450753ef01b8d098384a970c-500wi-300x400.jpg 300w, https:\/\/www.camac-harps.com\/blog\/wp-content\/uploads\/sites\/27\/2015\/04\/6a00d8341d450753ef01b8d098384a970c-500wi-55x73.jpg 55w, https:\/\/www.camac-harps.com\/blog\/wp-content\/uploads\/sites\/27\/2015\/04\/6a00d8341d450753ef01b8d098384a970c-500wi-250x334.jpg 250w, https:\/\/www.camac-harps.com\/blog\/wp-content\/uploads\/sites\/27\/2015\/04\/6a00d8341d450753ef01b8d098384a970c-500wi.jpg 500w\" sizes=\"auto, (max-width: 225px) 100vw, 225px\" \/><\/a><p class=\"wp-caption-text\">La\u00a0\u00ab\u00a0Harpe Miroir\u00a0\u00bb est bien arriv\u00e9e \u00e0 la Maison Symphonique de Montr\u00e9al<\/p><\/div>\n<p>Caroline a r\u00eav\u00e9 d&rsquo;une telle harpe depuis ses 17 ans. Dans les ann\u00e9es 90, elle avait rejoint le groupe de rock de son fr\u00e8re : \u00ab\u00a0Mange l&rsquo;Ours Mange\u00a0\u00bb et amplifi\u00e9 sa harpe acoustique du mieux qu\u2019elle pouvait avec divers types de micros. Si vous avez d\u00e9j\u00e0 essay\u00e9 de faire \u00e7a vous-m\u00eame, entendu un(e) ing\u00e9nieur(e) du son pleurer, hurler, temp\u00eater alors qu&rsquo;il ou elle essaie de faire \u00e7a pour vous, ou si vous avez lu le <a href=\"https:\/\/www.camac-harps.com\/blog\/fr\/services\/e-dictionnaire\" target=\"_blank\" rel=\"noopener\">Dictionnaire de la Harpe Bleue<\/a> que Jakez a r\u00e9dig\u00e9 \u2013 alors, vous savez qu&rsquo;amplifier une harpe acoustique est loin d&rsquo;\u00eatre facile. Ceci est encore plus v\u00e9rifiable dans le rock, o\u00f9 tout est amplifi\u00e9 \u00e0 l&rsquo;extr\u00eame, y compris les probl\u00e8mes.\u00a0\u00ab\u00a0N\u00e9anmoins, je savais que c&rsquo;\u00e9tait la direction musicale que je voulais prendre\u00a0\u00bb, dit Caroline, \u00ab\u00a0et\u00a0tout ce que j&rsquo;ai d\u00fb tenter, exp\u00e9rimenter avec les micros et les effets sonores a \u00e9galement influenc\u00e9 mes compositions.<\/p>\n<p>Au d\u00e9but des ann\u00e9es 2000, j&rsquo;ai commenc\u00e9 \u00e0 jouer avec le groupe techno Eden 106\u00a0; ce qui m&rsquo;a inspir\u00e9 l&rsquo;\u00e9criture du\u00a0Concerto Techno opus 40 pour harpe, techno live et orchestre en 2003. Les parties \u00ab\u00a0techno\u00a0\u00bb de ce concerto ont \u00e9t\u00e9 cr\u00e9\u00e9es et jou\u00e9es par Guy Pelletier, membre fondateur de Eden 106. Et bien s\u00fbr, cela a aid\u00e9 \u00e0 \u00e9largir mes connaissances dans l\u2019amplification de la harpe. C&rsquo;est pendant ma p\u00e9riode techno que j&rsquo;ai commenc\u00e9 \u00e0 r\u00eaver d&rsquo;une harpe chrom\u00e9e. J\u2019avais recouvert ma harpe noire acoustique de Venilia chrome, c&rsquo;\u00e9tait mieux que rien.<\/p>\n<div id=\"attachment_679\" class=\"wp-caption alignright\" style=\"width: 300px\"><a href=\"https:\/\/www.camac-harps.com\/wp-content\/uploads\/sites\/27\/2015\/04\/6a00d8341d450753ef01b7c72637a4970b-500wi.jpg\"><img loading=\"lazy\" decoding=\"async\" class=\"wp-image-679 size-medium\" src=\"https:\/\/www.camac-harps.com\/wp-content\/uploads\/sites\/27\/2015\/04\/6a00d8341d450753ef01b7c72637a4970b-500wi-300x252.jpg\" alt=\"Caroline's harp covered in mirrored contact paper\" width=\"300\" height=\"252\" srcset=\"https:\/\/www.camac-harps.com\/blog\/wp-content\/uploads\/sites\/27\/2015\/04\/6a00d8341d450753ef01b7c72637a4970b-500wi-300x252.jpg 300w, https:\/\/www.camac-harps.com\/blog\/wp-content\/uploads\/sites\/27\/2015\/04\/6a00d8341d450753ef01b7c72637a4970b-500wi-55x46.jpg 55w, https:\/\/www.camac-harps.com\/blog\/wp-content\/uploads\/sites\/27\/2015\/04\/6a00d8341d450753ef01b7c72637a4970b-500wi-250x210.jpg 250w, https:\/\/www.camac-harps.com\/blog\/wp-content\/uploads\/sites\/27\/2015\/04\/6a00d8341d450753ef01b7c72637a4970b-500wi.jpg 500w\" sizes=\"auto, (max-width: 300px) 100vw, 300px\" \/><\/a><p class=\"wp-caption-text\">La harpe de Caroline couverte de Venilia chrome<\/p><\/div>\n<p>En 2008, j&rsquo;ai \u00e9t\u00e9 invit\u00e9e \u00e0 jouer mes compositions lors du Congr\u00e8s Mondial de la Harpe d&rsquo;Amsterdam, et pendant mon s\u00e9jour, j&rsquo;ai eu l&rsquo;occasion d&rsquo;entendre Edmar Castaneda donner un concert extraordinaire sur une Harpe Bleue de Camac, \u00e0 la finition argent\u00e9e. Le lendemain, je me suis directement rendue \u00e0 l&rsquo;exposition Camac. J&rsquo;\u00e9tais boulevers\u00e9e par la Harpe Bleue \u2013 c&rsquo;\u00e9tait exactement ce que j&rsquo;avais cherch\u00e9 pendant si longtemps.<\/p>\n<p>Quand le Congr\u00e8s Mondial suivant est arriv\u00e9, cette fois pas trop loin de chez moi, \u00e0 Vancouver, j&rsquo;ai eu l&rsquo;occasion d&#8217;emprunter une Harpe Bleue pour la pr\u00e9sentation de mon Concerto Techno opus 40. C\u2019est alors que ma d\u00e9cision fut prise \u2013 je devais en avoir une, et non seulement j&rsquo;ai demand\u00e9 une finition argent\u00e9e, mais avec un effet miroir de surcro\u00eet\u00a0! Heureusement, Jakez avait l&rsquo;intention de travailler avec des chromeurs pour r\u00e9aliser cette id\u00e9e. C&rsquo;est la premi\u00e8re harpe \u00e9lectroacoustique \u00e0 la finition miroir qui ait jamais vu le jour\u00a0!<\/p>\n<p>Concerts, compositions et d\u00e9veloppements dans la manufacture d&rsquo;instruments s&rsquo;encouragent et se dynamisent mutuellement, et je me sens rena\u00eetre avec l&rsquo;arriv\u00e9e de ce nouvel instrument. Je suis actuellement en train de travailler sur mes compositions sp\u00e9cialement \u00e9crites pour la harpe \u00e9lectroacoustique et les nouvelles ouvertures qu&rsquo;elle m&rsquo;apporte par rapport \u00e0 une harpe acoustique simplement amplifi\u00e9e.<\/p>\n<p><a href=\"https:\/\/www.camac-harps.com\/wp-content\/uploads\/sites\/27\/2015\/04\/6a00d8341d450753ef01b8d0aedd38970c-500wi.jpg\"><img loading=\"lazy\" decoding=\"async\" class=\"alignright wp-image-680 size-medium\" src=\"https:\/\/www.camac-harps.com\/wp-content\/uploads\/sites\/27\/2015\/04\/6a00d8341d450753ef01b8d0aedd38970c-500wi-225x300.jpg\" alt=\"Caroline Lizotte, chrome Big Blue\" width=\"225\" height=\"300\" srcset=\"https:\/\/www.camac-harps.com\/blog\/wp-content\/uploads\/sites\/27\/2015\/04\/6a00d8341d450753ef01b8d0aedd38970c-500wi-225x300.jpg 225w, https:\/\/www.camac-harps.com\/blog\/wp-content\/uploads\/sites\/27\/2015\/04\/6a00d8341d450753ef01b8d0aedd38970c-500wi-300x400.jpg 300w, https:\/\/www.camac-harps.com\/blog\/wp-content\/uploads\/sites\/27\/2015\/04\/6a00d8341d450753ef01b8d0aedd38970c-500wi-55x73.jpg 55w, https:\/\/www.camac-harps.com\/blog\/wp-content\/uploads\/sites\/27\/2015\/04\/6a00d8341d450753ef01b8d0aedd38970c-500wi-250x334.jpg 250w, https:\/\/www.camac-harps.com\/blog\/wp-content\/uploads\/sites\/27\/2015\/04\/6a00d8341d450753ef01b8d0aedd38970c-500wi.jpg 500w\" sizes=\"auto, (max-width: 225px) 100vw, 225px\" \/><\/a><\/p>\n<p>Par exemple, en avril 2015, je vais donner un concert de mes propres compositions &#8211; \u00ab\u00a0<a href=\"http:\/\/www.calyane.com\/fr\/2014\/10\/17\/lizotte-joue-lizotte-se-poursuit\/\" target=\"_blank\" rel=\"noopener\">Lizotte joue Lizotte<\/a>\u00a0\u00bb &#8211; au cours duquel je ferai la cr\u00e9ation mondiale de mes <em>Danses M\u00e9tales<\/em> opus 47, une s\u00e9rie de miniatures que j&rsquo;avais compos\u00e9es dans les ann\u00e9es 90s sur une harpe amplifi\u00e9e\u00a0; mon mari et multi-instrumentiste \u00c9tienne Ratth\u00e9 et moi jouerons la version chambriste du <em>Concerto Techno opus 40\u00a0<\/em>; et la harpiste \u00c9veline Gr\u00e9goire-Rousseau me rejoindra pour <em>Stellae Saltantem<\/em> opus 49 pour harpe acoustique et harpe \u00e9lectrique, \u0153uvre command\u00e9e r\u00e9cemment par le <a href=\"http:\/\/www.atlanticharpduo.com\/fr\/\" target=\"_blank\" rel=\"noopener\">Atlantic Harp Duo<\/a>.<\/p>\n<p>J&rsquo;ai tr\u00e8s envie de d\u00e9velopper le r\u00e9pertoire de la harpe \u00e9lectrique, et je peux enfin le faire puisque j&rsquo;ai maintenant l&rsquo;instrument ad\u00e9quat entre les mains\u00a0!<\/p>\n<p>&nbsp;<\/p>\n<p>Je dois encore me pincer pour le croire. Ce magnifique r\u00eave que j&rsquo;avais depuis plus de vingt-cinq ans, est finalement devenu\u00a0\u00a0r\u00e9alit\u00e9.\u00a0\u00bb<\/p>\n","protected":false},"excerpt":{"rendered":"<p>Une finition chrom\u00e9e cr\u00e9\u00e9e tout sp\u00e9cialement pour la Big Blue de Caroline Lizotte.<\/p>\n","protected":false},"author":3,"featured_media":618,"comment_status":"open","ping_status":"open","sticky":false,"template":"","format":"standard","meta":{"_acf_changed":false,"footnotes":""},"categories":[533],"tags":[812,788,807],"class_list":["post-912","post","type-post","status-publish","format-standard","has-post-thumbnail","hentry","category-actualites","tag-artistes","tag-atelier","tag-electro-fr"],"acf":[],"yoast_head":"<title>Une harpe-miroir pour Caroline Lizotte - Camac Harps<\/title>\n<meta name=\"robots\" content=\"index, follow, max-snippet:-1, max-image-preview:large, max-video-preview:-1\" \/>\n<link rel=\"canonical\" href=\"https:\/\/www.camac-harps.com\/blog\/fr\/actualites\/une-harpe-miroir-pour-caroline-lizotte\/\" \/>\n<meta property=\"og:locale\" content=\"fr_FR\" \/>\n<meta property=\"og:type\" content=\"article\" \/>\n<meta property=\"og:title\" content=\"Une harpe-miroir pour Caroline Lizotte - Camac Harps\" \/>\n<meta property=\"og:description\" content=\"Une finition chrom\u00e9e cr\u00e9\u00e9e tout sp\u00e9cialement pour la Big Blue de Caroline Lizotte.\" \/>\n<meta property=\"og:url\" content=\"https:\/\/www.camac-harps.com\/blog\/fr\/actualites\/une-harpe-miroir-pour-caroline-lizotte\/\" \/>\n<meta property=\"og:site_name\" content=\"Camac Harps\" \/>\n<meta property=\"article:published_time\" content=\"2015-06-11T08:31:09+00:00\" \/>\n<meta property=\"article:modified_time\" content=\"2017-07-01T19:27:46+00:00\" \/>\n<meta property=\"og:image\" content=\"https:\/\/www.camac-harps.com\/blog\/wp-content\/uploads\/sites\/27\/2015\/04\/6a00d8341d450753ef01b8d098362f970c-500wi.jpg\" \/>\n\t<meta property=\"og:image:width\" content=\"499\" \/>\n\t<meta property=\"og:image:height\" content=\"299\" \/>\n\t<meta property=\"og:image:type\" content=\"image\/jpeg\" \/>\n<meta name=\"author\" content=\"Helen Leitner\" \/>\n<meta name=\"twitter:card\" content=\"summary_large_image\" \/>\n<meta name=\"twitter:label1\" content=\"\u00c9crit par\" \/>\n\t<meta name=\"twitter:data1\" content=\"Helen Leitner\" \/>\n\t<meta name=\"twitter:label2\" content=\"Dur\u00e9e de lecture estim\u00e9e\" \/>\n\t<meta name=\"twitter:data2\" content=\"5 minutes\" \/>\n<script type=\"application\/ld+json\" class=\"yoast-schema-graph\">{\"@context\":\"https:\/\/schema.org\",\"@graph\":[{\"@type\":\"Article\",\"@id\":\"https:\/\/www.camac-harps.com\/blog\/fr\/actualites\/une-harpe-miroir-pour-caroline-lizotte\/#article\",\"isPartOf\":{\"@id\":\"https:\/\/www.camac-harps.com\/blog\/fr\/actualites\/une-harpe-miroir-pour-caroline-lizotte\/\"},\"author\":{\"name\":\"Helen Leitner\",\"@id\":\"https:\/\/www.camac-harps.com\/blog\/fr\/#\/schema\/person\/59b9e6843c0338179fb914afaf144d22\"},\"headline\":\"Une harpe-miroir pour Caroline Lizotte\",\"datePublished\":\"2015-06-11T08:31:09+00:00\",\"dateModified\":\"2017-07-01T19:27:46+00:00\",\"mainEntityOfPage\":{\"@id\":\"https:\/\/www.camac-harps.com\/blog\/fr\/actualites\/une-harpe-miroir-pour-caroline-lizotte\/\"},\"wordCount\":1030,\"commentCount\":0,\"image\":{\"@id\":\"https:\/\/www.camac-harps.com\/blog\/fr\/actualites\/une-harpe-miroir-pour-caroline-lizotte\/#primaryimage\"},\"thumbnailUrl\":\"https:\/\/www.camac-harps.com\/blog\/wp-content\/uploads\/sites\/27\/2015\/04\/6a00d8341d450753ef01b8d098362f970c-500wi.jpg\",\"keywords\":[\"artistes\",\"atelier\",\"electro\"],\"articleSection\":[\"Actualit\u00e9s\"],\"inLanguage\":\"fr-FR\",\"potentialAction\":[{\"@type\":\"CommentAction\",\"name\":\"Comment\",\"target\":[\"https:\/\/www.camac-harps.com\/blog\/fr\/actualites\/une-harpe-miroir-pour-caroline-lizotte\/#respond\"]}]},{\"@type\":\"WebPage\",\"@id\":\"https:\/\/www.camac-harps.com\/blog\/fr\/actualites\/une-harpe-miroir-pour-caroline-lizotte\/\",\"url\":\"https:\/\/www.camac-harps.com\/blog\/fr\/actualites\/une-harpe-miroir-pour-caroline-lizotte\/\",\"name\":\"Une harpe-miroir pour Caroline Lizotte - Camac Harps\",\"isPartOf\":{\"@id\":\"https:\/\/www.camac-harps.com\/blog\/fr\/#website\"},\"primaryImageOfPage\":{\"@id\":\"https:\/\/www.camac-harps.com\/blog\/fr\/actualites\/une-harpe-miroir-pour-caroline-lizotte\/#primaryimage\"},\"image\":{\"@id\":\"https:\/\/www.camac-harps.com\/blog\/fr\/actualites\/une-harpe-miroir-pour-caroline-lizotte\/#primaryimage\"},\"thumbnailUrl\":\"https:\/\/www.camac-harps.com\/blog\/wp-content\/uploads\/sites\/27\/2015\/04\/6a00d8341d450753ef01b8d098362f970c-500wi.jpg\",\"datePublished\":\"2015-06-11T08:31:09+00:00\",\"dateModified\":\"2017-07-01T19:27:46+00:00\",\"author\":{\"@id\":\"https:\/\/www.camac-harps.com\/blog\/fr\/#\/schema\/person\/59b9e6843c0338179fb914afaf144d22\"},\"breadcrumb\":{\"@id\":\"https:\/\/www.camac-harps.com\/blog\/fr\/actualites\/une-harpe-miroir-pour-caroline-lizotte\/#breadcrumb\"},\"inLanguage\":\"fr-FR\",\"potentialAction\":[{\"@type\":\"ReadAction\",\"target\":[\"https:\/\/www.camac-harps.com\/blog\/fr\/actualites\/une-harpe-miroir-pour-caroline-lizotte\/\"]}]},{\"@type\":\"ImageObject\",\"inLanguage\":\"fr-FR\",\"@id\":\"https:\/\/www.camac-harps.com\/blog\/fr\/actualites\/une-harpe-miroir-pour-caroline-lizotte\/#primaryimage\",\"url\":\"https:\/\/www.camac-harps.com\/blog\/wp-content\/uploads\/sites\/27\/2015\/04\/6a00d8341d450753ef01b8d098362f970c-500wi.jpg\",\"contentUrl\":\"https:\/\/www.camac-harps.com\/blog\/wp-content\/uploads\/sites\/27\/2015\/04\/6a00d8341d450753ef01b8d098362f970c-500wi.jpg\",\"width\":499,\"height\":299},{\"@type\":\"BreadcrumbList\",\"@id\":\"https:\/\/www.camac-harps.com\/blog\/fr\/actualites\/une-harpe-miroir-pour-caroline-lizotte\/#breadcrumb\",\"itemListElement\":[{\"@type\":\"ListItem\",\"position\":1,\"name\":\"Home\",\"item\":\"https:\/\/www.camac-harps.com\/blog\/fr\/\"},{\"@type\":\"ListItem\",\"position\":2,\"name\":\"Une harpe-miroir pour Caroline Lizotte\"}]},{\"@type\":\"WebSite\",\"@id\":\"https:\/\/www.camac-harps.com\/blog\/fr\/#website\",\"url\":\"https:\/\/www.camac-harps.com\/blog\/fr\/\",\"name\":\"Camac Harps\",\"description\":\"\",\"potentialAction\":[{\"@type\":\"SearchAction\",\"target\":{\"@type\":\"EntryPoint\",\"urlTemplate\":\"https:\/\/www.camac-harps.com\/blog\/fr\/?s={search_term_string}\"},\"query-input\":{\"@type\":\"PropertyValueSpecification\",\"valueRequired\":true,\"valueName\":\"search_term_string\"}}],\"inLanguage\":\"fr-FR\"},{\"@type\":\"Person\",\"@id\":\"https:\/\/www.camac-harps.com\/blog\/fr\/#\/schema\/person\/59b9e6843c0338179fb914afaf144d22\",\"name\":\"Helen Leitner\",\"image\":{\"@type\":\"ImageObject\",\"inLanguage\":\"fr-FR\",\"@id\":\"https:\/\/www.camac-harps.com\/blog\/fr\/#\/schema\/person\/image\/\",\"url\":\"https:\/\/secure.gravatar.com\/avatar\/ebbebff931219cff4c2d1e25c3229b2e036693f67bf237fb12f452d7a019a6da?s=96&d=mm&r=g\",\"contentUrl\":\"https:\/\/secure.gravatar.com\/avatar\/ebbebff931219cff4c2d1e25c3229b2e036693f67bf237fb12f452d7a019a6da?s=96&d=mm&r=g\",\"caption\":\"Helen Leitner\"},\"url\":\"https:\/\/www.camac-harps.com\/blog\/fr\/author\/ltnr\/\"}]}<\/script>","yoast_head_json":{"title":"Une harpe-miroir pour Caroline Lizotte - Camac Harps","robots":{"index":"index","follow":"follow","max-snippet":"max-snippet:-1","max-image-preview":"max-image-preview:large","max-video-preview":"max-video-preview:-1"},"canonical":"https:\/\/www.camac-harps.com\/blog\/fr\/actualites\/une-harpe-miroir-pour-caroline-lizotte\/","og_locale":"fr_FR","og_type":"article","og_title":"Une harpe-miroir pour Caroline Lizotte - Camac Harps","og_description":"Une finition chrom\u00e9e cr\u00e9\u00e9e tout sp\u00e9cialement pour la Big Blue de Caroline Lizotte.","og_url":"https:\/\/www.camac-harps.com\/blog\/fr\/actualites\/une-harpe-miroir-pour-caroline-lizotte\/","og_site_name":"Camac Harps","article_published_time":"2015-06-11T08:31:09+00:00","article_modified_time":"2017-07-01T19:27:46+00:00","og_image":[{"width":499,"height":299,"url":"https:\/\/www.camac-harps.com\/blog\/wp-content\/uploads\/sites\/27\/2015\/04\/6a00d8341d450753ef01b8d098362f970c-500wi.jpg","type":"image\/jpeg"}],"author":"Helen Leitner","twitter_card":"summary_large_image","twitter_misc":{"\u00c9crit par":"Helen Leitner","Dur\u00e9e de lecture estim\u00e9e":"5 minutes"},"schema":{"@context":"https:\/\/schema.org","@graph":[{"@type":"Article","@id":"https:\/\/www.camac-harps.com\/blog\/fr\/actualites\/une-harpe-miroir-pour-caroline-lizotte\/#article","isPartOf":{"@id":"https:\/\/www.camac-harps.com\/blog\/fr\/actualites\/une-harpe-miroir-pour-caroline-lizotte\/"},"author":{"name":"Helen Leitner","@id":"https:\/\/www.camac-harps.com\/blog\/fr\/#\/schema\/person\/59b9e6843c0338179fb914afaf144d22"},"headline":"Une harpe-miroir pour Caroline Lizotte","datePublished":"2015-06-11T08:31:09+00:00","dateModified":"2017-07-01T19:27:46+00:00","mainEntityOfPage":{"@id":"https:\/\/www.camac-harps.com\/blog\/fr\/actualites\/une-harpe-miroir-pour-caroline-lizotte\/"},"wordCount":1030,"commentCount":0,"image":{"@id":"https:\/\/www.camac-harps.com\/blog\/fr\/actualites\/une-harpe-miroir-pour-caroline-lizotte\/#primaryimage"},"thumbnailUrl":"https:\/\/www.camac-harps.com\/blog\/wp-content\/uploads\/sites\/27\/2015\/04\/6a00d8341d450753ef01b8d098362f970c-500wi.jpg","keywords":["artistes","atelier","electro"],"articleSection":["Actualit\u00e9s"],"inLanguage":"fr-FR","potentialAction":[{"@type":"CommentAction","name":"Comment","target":["https:\/\/www.camac-harps.com\/blog\/fr\/actualites\/une-harpe-miroir-pour-caroline-lizotte\/#respond"]}]},{"@type":"WebPage","@id":"https:\/\/www.camac-harps.com\/blog\/fr\/actualites\/une-harpe-miroir-pour-caroline-lizotte\/","url":"https:\/\/www.camac-harps.com\/blog\/fr\/actualites\/une-harpe-miroir-pour-caroline-lizotte\/","name":"Une harpe-miroir pour Caroline Lizotte - Camac Harps","isPartOf":{"@id":"https:\/\/www.camac-harps.com\/blog\/fr\/#website"},"primaryImageOfPage":{"@id":"https:\/\/www.camac-harps.com\/blog\/fr\/actualites\/une-harpe-miroir-pour-caroline-lizotte\/#primaryimage"},"image":{"@id":"https:\/\/www.camac-harps.com\/blog\/fr\/actualites\/une-harpe-miroir-pour-caroline-lizotte\/#primaryimage"},"thumbnailUrl":"https:\/\/www.camac-harps.com\/blog\/wp-content\/uploads\/sites\/27\/2015\/04\/6a00d8341d450753ef01b8d098362f970c-500wi.jpg","datePublished":"2015-06-11T08:31:09+00:00","dateModified":"2017-07-01T19:27:46+00:00","author":{"@id":"https:\/\/www.camac-harps.com\/blog\/fr\/#\/schema\/person\/59b9e6843c0338179fb914afaf144d22"},"breadcrumb":{"@id":"https:\/\/www.camac-harps.com\/blog\/fr\/actualites\/une-harpe-miroir-pour-caroline-lizotte\/#breadcrumb"},"inLanguage":"fr-FR","potentialAction":[{"@type":"ReadAction","target":["https:\/\/www.camac-harps.com\/blog\/fr\/actualites\/une-harpe-miroir-pour-caroline-lizotte\/"]}]},{"@type":"ImageObject","inLanguage":"fr-FR","@id":"https:\/\/www.camac-harps.com\/blog\/fr\/actualites\/une-harpe-miroir-pour-caroline-lizotte\/#primaryimage","url":"https:\/\/www.camac-harps.com\/blog\/wp-content\/uploads\/sites\/27\/2015\/04\/6a00d8341d450753ef01b8d098362f970c-500wi.jpg","contentUrl":"https:\/\/www.camac-harps.com\/blog\/wp-content\/uploads\/sites\/27\/2015\/04\/6a00d8341d450753ef01b8d098362f970c-500wi.jpg","width":499,"height":299},{"@type":"BreadcrumbList","@id":"https:\/\/www.camac-harps.com\/blog\/fr\/actualites\/une-harpe-miroir-pour-caroline-lizotte\/#breadcrumb","itemListElement":[{"@type":"ListItem","position":1,"name":"Home","item":"https:\/\/www.camac-harps.com\/blog\/fr\/"},{"@type":"ListItem","position":2,"name":"Une harpe-miroir pour Caroline Lizotte"}]},{"@type":"WebSite","@id":"https:\/\/www.camac-harps.com\/blog\/fr\/#website","url":"https:\/\/www.camac-harps.com\/blog\/fr\/","name":"Camac Harps","description":"","potentialAction":[{"@type":"SearchAction","target":{"@type":"EntryPoint","urlTemplate":"https:\/\/www.camac-harps.com\/blog\/fr\/?s={search_term_string}"},"query-input":{"@type":"PropertyValueSpecification","valueRequired":true,"valueName":"search_term_string"}}],"inLanguage":"fr-FR"},{"@type":"Person","@id":"https:\/\/www.camac-harps.com\/blog\/fr\/#\/schema\/person\/59b9e6843c0338179fb914afaf144d22","name":"Helen Leitner","image":{"@type":"ImageObject","inLanguage":"fr-FR","@id":"https:\/\/www.camac-harps.com\/blog\/fr\/#\/schema\/person\/image\/","url":"https:\/\/secure.gravatar.com\/avatar\/ebbebff931219cff4c2d1e25c3229b2e036693f67bf237fb12f452d7a019a6da?s=96&d=mm&r=g","contentUrl":"https:\/\/secure.gravatar.com\/avatar\/ebbebff931219cff4c2d1e25c3229b2e036693f67bf237fb12f452d7a019a6da?s=96&d=mm&r=g","caption":"Helen Leitner"},"url":"https:\/\/www.camac-harps.com\/blog\/fr\/author\/ltnr\/"}]}},"_links":{"self":[{"href":"https:\/\/www.camac-harps.com\/blog\/fr\/wp-json\/wp\/v2\/posts\/912","targetHints":{"allow":["GET"]}}],"collection":[{"href":"https:\/\/www.camac-harps.com\/blog\/fr\/wp-json\/wp\/v2\/posts"}],"about":[{"href":"https:\/\/www.camac-harps.com\/blog\/fr\/wp-json\/wp\/v2\/types\/post"}],"author":[{"embeddable":true,"href":"https:\/\/www.camac-harps.com\/blog\/fr\/wp-json\/wp\/v2\/users\/3"}],"replies":[{"embeddable":true,"href":"https:\/\/www.camac-harps.com\/blog\/fr\/wp-json\/wp\/v2\/comments?post=912"}],"version-history":[{"count":2,"href":"https:\/\/www.camac-harps.com\/blog\/fr\/wp-json\/wp\/v2\/posts\/912\/revisions"}],"predecessor-version":[{"id":20971,"href":"https:\/\/www.camac-harps.com\/blog\/fr\/wp-json\/wp\/v2\/posts\/912\/revisions\/20971"}],"wp:featuredmedia":[{"embeddable":true,"href":"https:\/\/www.camac-harps.com\/blog\/fr\/wp-json\/wp\/v2\/media\/618"}],"wp:attachment":[{"href":"https:\/\/www.camac-harps.com\/blog\/fr\/wp-json\/wp\/v2\/media?parent=912"}],"wp:term":[{"taxonomy":"category","embeddable":true,"href":"https:\/\/www.camac-harps.com\/blog\/fr\/wp-json\/wp\/v2\/categories?post=912"},{"taxonomy":"post_tag","embeddable":true,"href":"https:\/\/www.camac-harps.com\/blog\/fr\/wp-json\/wp\/v2\/tags?post=912"}],"curies":[{"name":"wp","href":"https:\/\/api.w.org\/{rel}","templated":true}]}}